{"id":972,"date":"2021-06-03T08:11:32","date_gmt":"2021-06-03T06:11:32","guid":{"rendered":"https:\/\/jaskamerakauppa.fi\/blogi\/?p=972"},"modified":"2023-10-16T14:16:33","modified_gmt":"2023-10-16T12:16:33","slug":"minun-tarinani-jimi","status":"publish","type":"post","link":"https:\/\/jaskamerakauppa.fi\/blogi\/minun-tarinani-jimi\/","title":{"rendered":"Minun tarinani &#8211; Jimi"},"content":{"rendered":"\n<p><strong>1900-luvun loppupuoliskolla syntyi kaksisuuntaisen mielialah\u00e4iri\u00f6n k\u00e4site. Tuhansia vuosia puhuttiin l\u00e4hinn\u00e4 maanikoista, kukaties siksi koska levoton ja toisinaan raivoisakin mania on ollut helposti havaittavissa ja siten my\u00f6s nimett\u00e4viss\u00e4. Vasta paljon my\u00f6hemmin on puhuttu maanis-depressiivisist\u00e4, mik\u00e4 ei toki tarkoita etteik\u00f6 mielialan heittely\u00e4 aiheuttava sairaus itsess\u00e4\u00e4n olisi esiintynyt ihmiskunnassa ennenkin. Luokittelu vain oli erilaista aikaisemmin. Kaksisuuntaiset Ry ja JAS Kamerakauppa esittelee MASENNUSTA JA MANIAA -projektissaan 12 aitoa el\u00e4m\u00e4ntarinaa, joissa yhteist\u00e4 on henkil\u00f6ll\u00e4 oleva kaksisuuntainen mielialah\u00e4iri\u00f6. T\u00e4ss\u00e4 on Jimin tarina.<\/strong><\/p>\n\n\n\n<p><em>&#8221;Olen Jimi, nelikymppinen tamperelainen. Olen l\u00e4ht\u00f6isin Helsingist\u00e4 ja k\u00e4yn p\u00e4\u00e4kaupunkiseudulla suunnilleen kerran kuussa tapaamassa vanhempiani ja joskus my\u00f6s yst\u00e4vi\u00e4ni. Minulle tehtiin 21-vuotiaana aivoleikkaus, jonka seurauksena halvaannuin oikealta puoleltani. Akuutin kuntoutusvaiheen aikana odoteltiin reaktioksi masennusta, mutta siihen meni sitten kuitenkin nelj\u00e4 vuotta. Sitten minun mielialaongelmiani hoidettiin masennuksena melkein kymmenen vuotta ennen kuin minua alettiin hoitaa kaksisuuntaisen mielialah\u00e4iri\u00f6n perusteella. Eli minulla ehti olla ennen oikeaa diagnoosia useita hoitojaksoja psykiatrian poliklinikoilla, joissa hoidettiin masennus aina pois ja sitten olin taas ty\u00f6kykyinen ja tehokas hetken. V\u00e4lill\u00e4 oli ajateltu kaksisuuntaisen mielialah\u00e4iri\u00f6n mahdollisuutta, mutta sit\u00e4 ei pidetty kuitenkaan todenn\u00e4k\u00f6isen\u00e4, kun ei ollut mit\u00e4\u00e4n maanisia ylily\u00f6ntej\u00e4 tapahtunut.<\/em><\/p>\n\n\n\n<p><em>Kun olin aloittanut tradenomiopinnot syksyll\u00e4 2013, p\u00e4\u00e4tettiin j\u00e4lleen kerran masennushoitosuhteeni tammikuussa 2014. Silloin osasin jo itse sanoa, ett\u00e4 kaikki ei ole kunnossa, mun hommat \u201dl\u00e4htee lapasesta\u201d, teen liikaa, valvon liikaa ja pyysin ettei hoitosuhdetta katkaistaisi. L\u00e4\u00e4k\u00e4ri silloin kyseli minulta kysymyksi\u00e4, joiden perusteella kirjasi minulle mahdollisen kaksisuuntaisen mielialah\u00e4iri\u00f6n ja ett\u00e4 olin h\u00e4nen mielest\u00e4\u00e4n tuolloin vastaanotolla hypomaaninen. Sitten h\u00e4n antoi Ketipinor-reseptin minulle kouraan ja toivotti hyv\u00e4\u00e4 jatkoa. Hoitosuhdetta ei jatkettu. N\u00e4in \u201dvauhtikauteni\u201d sai siis jatkua ja seuraavan vuoden aikana olinkin saanut aikaiseksi 20 000 euron velat, opintoni t\u00e4ysin solmuun, kihlaukseni purettua ja kaikenlaista muutakin holtitonta oli tullut tehty\u00e4. Sitten kun palasin hoidon piiriin 2015, vaikka en joutunutkaan kiert\u00e4m\u00e4\u00e4n sairaalaosaston kautta, oli kaksisuuntainen mielialah\u00e4iri\u00f6 tullut k\u00e4yt\u00e4nn\u00f6ss\u00e4 vahvistettua, sain hoitoa tasaavilla l\u00e4\u00e4kkeill\u00e4 ja aloin muutenkin pikkuhiljaa rauhoittaa el\u00e4m\u00e4ntyyli\u00e4ni. Uskon, ett\u00e4 ilman sopivaa l\u00e4\u00e4kityst\u00e4 en olisi l\u00e4htenyt el\u00e4m\u00e4ntapojani muuttamaan.<\/em><\/p>\n\n\n\n<p><em>T\u00e4m\u00e4 sairauden puhkeaminen ja hoidon aloittaminen osui my\u00f6s samoihin aikoihin el\u00e4m\u00e4ni toisen t\u00e4rke\u00e4n k\u00e4\u00e4nnekohdan kanssa. My\u00f6nsin itselleni olevani transsukupuolinen ja stressaavani el\u00e4m\u00e4st\u00e4 itselleni v\u00e4\u00e4r\u00e4ss\u00e4 sukupuolessa aivan hirve\u00e4sti. Sukupuolen korjaushoidot aloitettiin 2015 k\u00e4ydyn tutkimusjakson j\u00e4lkeen yhteisty\u00f6ss\u00e4 mielialah\u00e4iri\u00f6n hoidon kanssa 2016 ja vointini on kokonaisvaltaisesti parantunut. On vaikea sanoa, mik\u00e4 asia on ollut alun perin suurin ongelmani, mutta sill\u00e4 ei ole en\u00e4\u00e4 merkityst\u00e4k\u00e4\u00e4n.<\/em><\/p>\n\n\n\n<figure class=\"wp-block-image\"><img loading=\"lazy\" decoding=\"async\" width=\"1024\" height=\"1024\" src=\"https:\/\/jaskamerakauppa.fi\/blogi\/wp-content\/uploads\/2021\/02\/KA5_mallille-1024x1024.jpg\" alt=\"\" class=\"wp-image-974\" srcset=\"https:\/\/jaskamerakauppa.fi\/blogi\/wp-content\/uploads\/2021\/02\/KA5_mallille-1024x1024.jpg 1024w, https:\/\/jaskamerakauppa.fi\/blogi\/wp-content\/uploads\/2021\/02\/KA5_mallille-150x150.jpg 150w, https:\/\/jaskamerakauppa.fi\/blogi\/wp-content\/uploads\/2021\/02\/KA5_mallille-300x300.jpg 300w, https:\/\/jaskamerakauppa.fi\/blogi\/wp-content\/uploads\/2021\/02\/KA5_mallille-768x768.jpg 768w, https:\/\/jaskamerakauppa.fi\/blogi\/wp-content\/uploads\/2021\/02\/KA5_mallille.jpg 1500w\" sizes=\"auto, (max-width: 1024px) 100vw, 1024px\" \/><\/figure>\n\n\n\n<p><em>Nyky\u00e4\u00e4n en en\u00e4\u00e4 k\u00e4yt\u00e4 ollenkaan alkoholia tai muitakaan p\u00e4ihteit\u00e4, tupakoinninkin lopetin, nukun s\u00e4\u00e4nn\u00f6llisemmin, sy\u00f6n paremmin ja pyrin harrastamaan s\u00e4\u00e4nn\u00f6llist\u00e4 liikuntaa kuntosalilla pari-kolme kertaa viikossa. T\u00e4ll\u00e4 kaikella p\u00e4\u00e4sin jo melkein vuoden ajaksi l\u00e4\u00e4kityksest\u00e4 t\u00e4ysin eroon, mutta nyt katsellaan taas jotain kevytt\u00e4 tasaavaa l\u00e4\u00e4kityst\u00e4 el\u00e4m\u00e4\u00e4 helpottamaan, kun rytmit ovat menneet v\u00e4h\u00e4n sekaisin ja kuntosalillakaan en ole saanut k\u00e4yty\u00e4.<\/em><\/p>\n\n\n\n<p><em>Toki toivon, ett\u00e4 l\u00e4\u00e4kkeett\u00f6myytt\u00e4 voisi taas jossain vaiheessa yritt\u00e4\u00e4 uudelleen, ja ett\u00e4 minulla olisi mahdollisuus hallita sairautta vain s\u00e4\u00e4nn\u00f6llisill\u00e4 ja hyvill\u00e4 el\u00e4m\u00e4ntavoilla sek\u00e4 katsomalla mink\u00e4laisessa seurassa aikaani viet\u00e4n. Mutta koska t\u00e4st\u00e4 ei varsinaisesti parannuta, on hyvin mahdollista, ett\u00e4 ellei l\u00e4\u00e4kityksest\u00e4 tule minulle mit\u00e4\u00e4n kummempia sivuvaikutuksia, jatkan sen sy\u00f6mist\u00e4 ihan varmuuden vuoksi sairausjaksoja ennaltaehk\u00e4isev\u00e4ss\u00e4 tarkoituksessa.<\/em><\/p>\n\n\n\n<p><em>Olen aloittanut nyt v\u00e4yl\u00e4opintoja avoimessa ammattikorkeakoulussa ja ammatillinen kuntoutus on alkamassa. Ty\u00f6kokeilulla voin viel\u00e4 varmistaa t\u00e4m\u00e4n uuden alan soveltuvuutta itselleni. Iso suunnitelma olisi saada ammattikorkeakoulututkinto kasaan ja p\u00e4\u00e4st\u00e4 viel\u00e4 ty\u00f6el\u00e4m\u00e4\u00e4n pariksikymmeneksi vuodeksi. Suunnitelmaa pit\u00e4\u00e4 kuitenkin toteuttaa maltillisesti, ettei stressi p\u00e4\u00e4se aiheuttamaan uusia pahoja sairausjaksoja ja ett\u00e4 oppisin samalla s\u00e4\u00e4telem\u00e4\u00e4n my\u00f6s itse jaksamistani ja ty\u00f6tahtiani paremmin kuin ennen.&#8221;<\/em><\/p>\n\n\n\n<p>Projektin n\u00e4yttely tulee kiert\u00e4m\u00e4\u00e4n eri paikoissa loppuvuoden aikana ja kalenterin vuodelle 2021 p\u00e4\u00e4set tilamaan <a rel=\"noreferrer noopener\" href=\"https:\/\/kaksisuuntaiset.yhdistysavain.fi\" target=\"_blank\">t\u00e4st\u00e4 linkist\u00e4<\/a>. Projektin kuvaajana oli Krister L\u00f6froth, kuvauspaikat lahjoitti MAGITO ja Visuaaliviestinn\u00e4n Instituutti VVI Oy, kalenterin ja n\u00e4yttelykuvat printtasi Color-Kolmio.<br><\/p>\n","protected":false},"excerpt":{"rendered":"<p>1900-luvun loppupuoliskolla syntyi kaksisuuntaisen mielialah\u00e4iri\u00f6n k\u00e4site. Tuhansia vuosia puhuttiin l\u00e4hinn\u00e4 maanikoista, kukaties siksi koska levoton ja toisinaan raivoisakin mania on ollut helposti havaittavissa ja siten my\u00f6s nimett\u00e4viss\u00e4. Vasta paljon my\u00f6hemmin on puhuttu maanis-depressiivisist\u00e4, mik\u00e4 ei toki tarkoita etteik\u00f6 mielialan heittely\u00e4 &hellip; <a href=\"https:\/\/jaskamerakauppa.fi\/blogi\/minun-tarinani-jimi\/\">Lue loppuun <span class=\"meta-nav\">&rarr;<\/span><\/a><\/p>\n","protected":false},"author":3,"featured_media":0,"comment_status":"closed","ping_status":"open","sticky":false,"template":"","format":"standard","meta":{"footnotes":""},"categories":[1,218],"tags":[179,2,3,4,164,163,172,171,166,165,167],"class_list":["post-972","post","type-post","status-publish","format-standard","hentry","category-kaikki","category-masennusta-ja-maniaa","tag-hypomania","tag-jas","tag-jaskamerakauppa","tag-jastekniikka","tag-kaksisuuntainen","tag-kaksisuuntaiset","tag-mania","tag-masennus","tag-mielenterveys","tag-mielialahairio","tag-terveys"],"_links":{"self":[{"href":"https:\/\/jaskamerakauppa.fi\/blogi\/wp-json\/wp\/v2\/posts\/972","targetHints":{"allow":["GET"]}}],"collection":[{"href":"https:\/\/jaskamerakauppa.fi\/blogi\/wp-json\/wp\/v2\/posts"}],"about":[{"href":"https:\/\/jaskamerakauppa.fi\/blogi\/wp-json\/wp\/v2\/types\/post"}],"author":[{"embeddable":true,"href":"https:\/\/jaskamerakauppa.fi\/blogi\/wp-json\/wp\/v2\/users\/3"}],"replies":[{"embeddable":true,"href":"https:\/\/jaskamerakauppa.fi\/blogi\/wp-json\/wp\/v2\/comments?post=972"}],"version-history":[{"count":5,"href":"https:\/\/jaskamerakauppa.fi\/blogi\/wp-json\/wp\/v2\/posts\/972\/revisions"}],"predecessor-version":[{"id":1034,"href":"https:\/\/jaskamerakauppa.fi\/blogi\/wp-json\/wp\/v2\/posts\/972\/revisions\/1034"}],"wp:attachment":[{"href":"https:\/\/jaskamerakauppa.fi\/blogi\/wp-json\/wp\/v2\/media?parent=972"}],"wp:term":[{"taxonomy":"category","embeddable":true,"href":"https:\/\/jaskamerakauppa.fi\/blogi\/wp-json\/wp\/v2\/categories?post=972"},{"taxonomy":"post_tag","embeddable":true,"href":"https:\/\/jaskamerakauppa.fi\/blogi\/wp-json\/wp\/v2\/tags?post=972"}],"curies":[{"name":"wp","href":"https:\/\/api.w.org\/{rel}","templated":true}]}}