{"id":968,"date":"2021-05-11T09:06:53","date_gmt":"2021-05-11T07:06:53","guid":{"rendered":"https:\/\/jaskamerakauppa.fi\/blogi\/?p=968"},"modified":"2023-10-16T14:16:45","modified_gmt":"2023-10-16T12:16:45","slug":"minun-tarinani-mika-petri","status":"publish","type":"post","link":"https:\/\/jaskamerakauppa.fi\/blogi\/minun-tarinani-mika-petri\/","title":{"rendered":"Minun tarinani &#8211; Mika-Petri"},"content":{"rendered":"\n<p><strong>Kaksisuuntaiseen mielialah\u00e4iri\u00f6\u00f6n sairastuneet saavat oikean diagnoosin keskim\u00e4\u00e4rin 8 vuotta sairastumisestaan. Suuri viive johtuu muun muassa siit\u00e4, ett\u00e4 sairastunut&nbsp;ei v\u00e4ltt\u00e4m\u00e4tt\u00e4 koe olevansa sairas ja niin ollen ei hakeudu ripe\u00e4sti hoitoon. Kaksisuuntainen mielialah\u00e4iri\u00f6 my\u00f6s tulkitaan alkuun usein virheellisesti masennukseksi.&nbsp;Yksi Kaksisuuntaiset Ry:n ja JAS Kamerakaupan yhteiseen MASENNUSTA JA MANIAA -projektiin osallistuneista on Mika-Petri. T\u00e4ss\u00e4 h\u00e4nen tarinansa.<\/strong><\/p>\n\n\n\n<p><em>&#8221;Synnyin perjantaina 13. p\u00e4iv\u00e4. Liek\u00f6 sill\u00e4 osuutta asiaan, mutta sairastuin ilmeisesti lukion viimeisell\u00e4 luokalla kaksisuuntaiseen mielialah\u00e4iri\u00f6\u00f6n. Diagnoosiin meni yli kolme vuosikymment\u00e4. Nyt olen 50-vuotias. Ennen diagnoosia minulla oli psykoottinen mania, joka sai kehitty\u00e4 rauhassa, koska silloinen vaimoni oli Intiassa. En muista psykoosista juuri muuta kuin ett\u00e4 k\u00e4velin pitkin Tampereen katuja baarista toiseen.<\/em><\/p>\n\n\n\n<p><em>L\u00e4\u00e4kitys ja terapia lievensiv\u00e4t oireita huomattavasti. Kun minulle tuli ero (joka ei johtunut taudista), tilanne muuttui taas. Halusin muuttaa tautini rahaksi ja kouluttauduin kokemusasiantuntijaksi ja kokemusasiantuntijoiden kouluttajaksi, kokemusasiantuntijaksi taiteen keinoin ja sellaisen kouluttajaksi. Nyt minulla on valmiuksia paitsi kertoa tarinani taiteen apukeinoilla, my\u00f6s kyky johdattaa muita samaan p\u00e4\u00e4m\u00e4\u00e4r\u00e4\u00e4n. Taiteen k\u00e4ytt\u00f6 tuo tarinoihin aivan uuden ulottuvuuden ja tarjoaa niihin ty\u00f6kaluja. <\/em><\/p>\n\n\n\n<figure class=\"wp-block-image\"><img loading=\"lazy\" decoding=\"async\" width=\"1024\" height=\"1024\" src=\"https:\/\/jaskamerakauppa.fi\/blogi\/wp-content\/uploads\/2021\/02\/KA2_mallille-1024x1024.jpg\" alt=\"\" class=\"wp-image-970\" srcset=\"https:\/\/jaskamerakauppa.fi\/blogi\/wp-content\/uploads\/2021\/02\/KA2_mallille-1024x1024.jpg 1024w, https:\/\/jaskamerakauppa.fi\/blogi\/wp-content\/uploads\/2021\/02\/KA2_mallille-150x150.jpg 150w, https:\/\/jaskamerakauppa.fi\/blogi\/wp-content\/uploads\/2021\/02\/KA2_mallille-300x300.jpg 300w, https:\/\/jaskamerakauppa.fi\/blogi\/wp-content\/uploads\/2021\/02\/KA2_mallille-768x768.jpg 768w, https:\/\/jaskamerakauppa.fi\/blogi\/wp-content\/uploads\/2021\/02\/KA2_mallille.jpg 1500w\" sizes=\"auto, (max-width: 1024px) 100vw, 1024px\" \/><\/figure>\n\n\n\n<p><em>Minulta on julkaistu kymmeni\u00e4 novelleja ja novellikokoelma, joka oli rauta-ajan Suomeen sijoittuva fantasiadekkari. Kirjoitan l\u00e4hes aina fantasiaa tai tieteiskirjallisuutta. Olen rakastanut niit\u00e4 lapsesta asti. T\u00e4ll\u00e4 hetkell\u00e4 puhun arjen supersankareista. Siin\u00e4 miss\u00e4 arjen sankari hallitsee el\u00e4m\u00e4\u00e4ns\u00e4, arjen supersankari hallitsee el\u00e4m\u00e4\u00e4ns\u00e4 ylim\u00e4\u00e4r\u00e4isest\u00e4 haitasta (mielenterveysongelma, p\u00e4ihdeongelma, vamma jne.) huolimatta. Raha ei ole minulle ainoa motiivi toimia kokemusasiantuntijana, vaan uskon, ett\u00e4 kokemusasiantuntijat voivat muuttaa yleis\u00f6ns\u00e4 ajatukset paremmin tautia hoitaviksi ja antavat rohkeutta kohdata sis\u00e4isen  supersankarinsa. Arjen sankareita on maailma t\u00e4ynn\u00e4, mutta supersankarit ovat v\u00e4hemm\u00e4ss\u00e4. Heid\u00e4n olisi aika saada arvostus, mik\u00e4 heille kuuluu.&#8221;<\/em><\/p>\n\n\n\n<p>Projektin n\u00e4yttely tulee kiert\u00e4m\u00e4\u00e4n eri paikoissa loppuvuoden aikana ja kalenterin vuodelle 2021 p\u00e4\u00e4set tilamaan <a rel=\"noreferrer noopener\" href=\"https:\/\/kaksisuuntaiset.yhdistysavain.fi\" target=\"_blank\">t\u00e4st\u00e4 linkist\u00e4<\/a>. Projektin kuvaajana oli Krister L\u00f6froth, kuvauspaikat lahjoitti MAGITO ja Visuaaliviestinn\u00e4n Instituutti VVI Oy, kalenterin ja n\u00e4yttelykuvat printtasi Color-Kolmio.<br><\/p>\n","protected":false},"excerpt":{"rendered":"<p>Kaksisuuntaiseen mielialah\u00e4iri\u00f6\u00f6n sairastuneet saavat oikean diagnoosin keskim\u00e4\u00e4rin 8 vuotta sairastumisestaan. Suuri viive johtuu muun muassa siit\u00e4, ett\u00e4 sairastunut&nbsp;ei v\u00e4ltt\u00e4m\u00e4tt\u00e4 koe olevansa sairas ja niin ollen ei hakeudu ripe\u00e4sti hoitoon. Kaksisuuntainen mielialah\u00e4iri\u00f6 my\u00f6s tulkitaan alkuun usein virheellisesti masennukseksi.&nbsp;Yksi Kaksisuuntaiset Ry:n ja &hellip; <a href=\"https:\/\/jaskamerakauppa.fi\/blogi\/minun-tarinani-mika-petri\/\">Lue loppuun <span class=\"meta-nav\">&rarr;<\/span><\/a><\/p>\n","protected":false},"author":2,"featured_media":0,"comment_status":"closed","ping_status":"open","sticky":false,"template":"","format":"standard","meta":{"footnotes":""},"categories":[1,218],"tags":[2,3,4,164,163,178,175,166,165,174,177,167],"class_list":["post-968","post","type-post","status-publish","format-standard","hentry","category-kaikki","category-masennusta-ja-maniaa","tag-jas","tag-jaskamerakauppa","tag-jastekniikka","tag-kaksisuuntainen","tag-kaksisuuntaiset","tag-kokemusasiantuntija","tag-magito","tag-mielenterveys","tag-mielialahairio","tag-mielialalaakkeet","tag-supersankari","tag-terveys"],"_links":{"self":[{"href":"https:\/\/jaskamerakauppa.fi\/blogi\/wp-json\/wp\/v2\/posts\/968","targetHints":{"allow":["GET"]}}],"collection":[{"href":"https:\/\/jaskamerakauppa.fi\/blogi\/wp-json\/wp\/v2\/posts"}],"about":[{"href":"https:\/\/jaskamerakauppa.fi\/blogi\/wp-json\/wp\/v2\/types\/post"}],"author":[{"embeddable":true,"href":"https:\/\/jaskamerakauppa.fi\/blogi\/wp-json\/wp\/v2\/users\/2"}],"replies":[{"embeddable":true,"href":"https:\/\/jaskamerakauppa.fi\/blogi\/wp-json\/wp\/v2\/comments?post=968"}],"version-history":[{"count":3,"href":"https:\/\/jaskamerakauppa.fi\/blogi\/wp-json\/wp\/v2\/posts\/968\/revisions"}],"predecessor-version":[{"id":1032,"href":"https:\/\/jaskamerakauppa.fi\/blogi\/wp-json\/wp\/v2\/posts\/968\/revisions\/1032"}],"wp:attachment":[{"href":"https:\/\/jaskamerakauppa.fi\/blogi\/wp-json\/wp\/v2\/media?parent=968"}],"wp:term":[{"taxonomy":"category","embeddable":true,"href":"https:\/\/jaskamerakauppa.fi\/blogi\/wp-json\/wp\/v2\/categories?post=968"},{"taxonomy":"post_tag","embeddable":true,"href":"https:\/\/jaskamerakauppa.fi\/blogi\/wp-json\/wp\/v2\/tags?post=968"}],"curies":[{"name":"wp","href":"https:\/\/api.w.org\/{rel}","templated":true}]}}