{"id":962,"date":"2021-04-13T08:28:17","date_gmt":"2021-04-13T06:28:17","guid":{"rendered":"https:\/\/jaskamerakauppa.fi\/blogi\/?p=962"},"modified":"2023-10-16T14:16:56","modified_gmt":"2023-10-16T12:16:56","slug":"minun-tarinani-katariina-huhtikuu","status":"publish","type":"post","link":"https:\/\/jaskamerakauppa.fi\/blogi\/minun-tarinani-katariina-huhtikuu\/","title":{"rendered":"Minun tarinani &#8211; Katariina"},"content":{"rendered":"\n<p><strong>T\u00e4ss\u00e4 on Katariina, yksi kahdestatoista MASENNUSTA JA MANIAA -projektiin osallistuneista. Kaksisuuntaiset Ry ja JAS Kamerakauppa haluavat tuoda esiin aitoja ja erilaisia tarinoita, joista yhteist\u00e4 on vain se, ett\u00e4 tarinoiden kertojilla on kaksisuuntainen mielialah\u00e4iri\u00f6. T\u00e4m\u00e4 sairaus on noin prosentilla suomalaisista ja sairaus itsess\u00e4\u00e4n ei ole perinn\u00f6llinen, mutta alttius sairastua on. Sairastuminen vaatii perinn\u00f6llisen alttiuden lis\u00e4ksi laukaisevan tekij\u00e4n ymp\u00e4rist\u00f6st\u00e4. Esimerkiksi stressaavat el\u00e4m\u00e4ntapahtumat voivat laukaista sairauden. T\u00e4ss\u00e4 siis Katariinan tarina h\u00e4nen kertomanaan.<\/strong><\/p>\n\n\n\n<p><em>&#8221;On todella vaikea mietti\u00e4, miten tarinani kertoisin, jotta kirjoittamani ymm\u00e4rrett\u00e4isiin oikealla tavalla. Yleens\u00e4 tarinaani jakaessani puen sen sanoiksi ja kerron kasvokkain kuulijoille, jotka sen haluavat kuulla. Kokemusasiantuntijana, yst\u00e4v\u00e4n\u00e4, ty\u00f6toverina, \u00e4itin\u00e4, l\u00e4heisen\u00e4.<\/em><\/p>\n\n\n\n<p><em>Olen 45-vuotias, eronnut, kahden alakoulu-ik\u00e4isen lapsen \u00e4iti, jolla toistuvien ja rankkojen masennusjaksojen j\u00e4lkeen lopulta diagnosoitiin kaksisuuntainen mielialah\u00e4iri\u00f6, vuoden 2018 huhtikuussa. Sopivasti syntym\u00e4p\u00e4iv\u00e4lahjaksi\u2026<\/em><\/p>\n\n\n\n<p><em>Toistuvia masennusjaksoja oli rekister\u00f6ity Oma Kantaani nelj\u00e4, mutta todellisuudessa niit\u00e4 oli varmasti lukuisia. N\u00e4iden nelj\u00e4n alkuper\u00e4n ja syy\/seuraussuhteen tiedostan ja muistan. Ensimm\u00e4isen jakson laukaisi \u00e4itini kuolema 07\/2011 esikoiseni ollessa puolivuotias ja tuolloin odotin toista lastani, joka syntyi 05\/2012. Raskautta varjostivat ahdistus, pelkotilat ja raa&#8217;at painajaiset. Toinen masennus seurasi is\u00e4n poisnukkumista 10\/2013. Tuolloin opiskelin l\u00e4hihoitajaksi, hoidin is\u00e4ni hautaan, myin ja tyhjensin my\u00f6s lapsuudenkotini, koska olin ainut lapsi ja n\u00e4in ollen vastuu kaikista k\u00e4yt\u00e4nn\u00f6n j\u00e4rjestelyist\u00e4 j\u00e4i minulle. Siin\u00e4 j\u00e4lleen kolmas masennusjakso meinasi nujertaa minut t\u00e4ysin. Olin todella v\u00e4synyt. Kaikesta huolimatta valmistuin vuoden 2015 kev\u00e4\u00e4ll\u00e4 Mielenterveys- ja p\u00e4ihdehoitajaksi kiitett\u00e4vin arvosanoin.<\/em><\/p>\n\n\n\n<p><em>Nelj\u00e4s masennusjaksoni, joka on j\u00e4\u00e4nyt kirjattuna hoitotietoihini, l\u00f6ytyy p\u00e4iv\u00e4m\u00e4\u00e4r\u00e4ll\u00e4 10\/2017. Selk\u00e4ni oli tuolloin eritt\u00e4in huonossa kunnossa ja minut oli leikattu kuukauden sis\u00e4ll\u00e4 08\/2017 kahteen kertaan. En pystynyt k\u00e4velem\u00e4\u00e4n ilman apuv\u00e4lineit\u00e4 ja niidenkin kanssa vain lyhyit\u00e4 matkoja, jos lainkaan. Kipu oli siet\u00e4m\u00e4t\u00f6nt\u00e4. Olin my\u00f6s juuri kokenut monivaiheisen ja rankan avioeron vuoden 2017 kev\u00e4\u00e4n ja kes\u00e4n aikana. El\u00e4m\u00e4n tarkoitus katosi ja ahdistus, toivottomuus, arvottomuuden tunne, ep\u00e4toivo ja itseinho saivat ylivallan. K\u00e4rsin my\u00f6s itsetuhoisista ajatuksista. Nyky\u00e4\u00e4nkin n\u00e4m\u00e4 samat aiheet kuuluvat masennusjaksoihini, mutta onneksi v\u00e4h\u00e4n lievempin\u00e4, eik\u00e4 itsetuhoisia mietteit\u00e4 en\u00e4\u00e4 ole.<\/em><\/p>\n\n\n\n<figure class=\"wp-block-image\"><img loading=\"lazy\" decoding=\"async\" width=\"1024\" height=\"1024\" src=\"https:\/\/jaskamerakauppa.fi\/blogi\/wp-content\/uploads\/2021\/02\/KA14_mallille-1024x1024.jpg\" alt=\"\" class=\"wp-image-964\" srcset=\"https:\/\/jaskamerakauppa.fi\/blogi\/wp-content\/uploads\/2021\/02\/KA14_mallille-1024x1024.jpg 1024w, https:\/\/jaskamerakauppa.fi\/blogi\/wp-content\/uploads\/2021\/02\/KA14_mallille-150x150.jpg 150w, https:\/\/jaskamerakauppa.fi\/blogi\/wp-content\/uploads\/2021\/02\/KA14_mallille-300x300.jpg 300w, https:\/\/jaskamerakauppa.fi\/blogi\/wp-content\/uploads\/2021\/02\/KA14_mallille-768x768.jpg 768w, https:\/\/jaskamerakauppa.fi\/blogi\/wp-content\/uploads\/2021\/02\/KA14_mallille.jpg 1500w\" sizes=\"auto, (max-width: 1024px) 100vw, 1024px\" \/><\/figure>\n\n\n\n<p><em>T\u00e4m\u00e4 viimeisin masennusjaksoni huomioitiin onneksi hoitajien toimesta joutuessani j\u00e4lleen selk\u00e4potilaaksi sairaalan vuodeosastolle. Minulle tehtiin l\u00e4hete ensimm\u00e4ist\u00e4 kertaa psykiatrian poliklinikalle. Siell\u00e4 l\u00e4\u00e4k\u00e4ri olisi halunnut minut suoraan osastolle, mutta en suostunut. Olinhan min\u00e4 sent\u00e4\u00e4n itse samaisen alan ammattikunnan hoitaja\u2026 K\u00e4vin kuitenkin s\u00e4\u00e4nn\u00f6llisesti hoitajien, l\u00e4\u00e4k\u00e4rin ja ryhm\u00e4terapian keskusteluissa ja kokeiltiin erin\u00e4isi\u00e4 masennusl\u00e4\u00e4kkeit\u00e4, tuloksetta. Jonkin ajan kuluttua tehtiin huomio, ett\u00e4 aika ajoin mielialani muuttui radikaalisti. Olin t\u00e4ynn\u00e4 energiaa, puhuin paljon ja nopeasti, olin rauhaton, enk\u00e4 meinannut pysy\u00e4 nahoissani. Tehtiin testej\u00e4, haastateltiin ja kyseltiin. Diagnoosi oli selv\u00e4.<\/em><\/p>\n\n\n\n<p><em>\u201dVauhtiviikot&#8221;, joiksi vitsikk\u00e4\u00e4sti kutsun omia hypomaniajaksojani, ovat tietysti monen mielest\u00e4 helpompia sulattaa. Niiden aikana voisin ajaa empim\u00e4tt\u00e4 Lappiin ja takaisin, voin touhuta lakkaamatta, puhun paljon ja saan paljon asioita aikaiseksi. Ilman lapsiani olisin luultavasti my\u00f6s tehnyt asioita, joita katuisin j\u00e4lkik\u00e4teen. He siis olemassaolollaan toimivat ns. k\u00e4sijarruna. Masennusjaksojeni aikana taas nousen heid\u00e4n vuokseen s\u00e4ngyst\u00e4 aamuisin. Jossain vaiheessa rekister\u00f6in my\u00f6s sen, ett\u00e4 jaksoni kulkevat tasaisissa sykleiss\u00e4: 3vk hypomaniaa, 1vk tasausvaihetta, 3vk masennusta. N\u00e4ill\u00e4 menn\u00e4\u00e4n yh\u00e4.<\/em><\/p>\n\n\n\n<p><em>T\u00e4ll\u00e4 hetkell\u00e4 tilanne on onneksi siin\u00e4 mieless\u00e4 hyv\u00e4, ett\u00e4 olen l\u00f6yt\u00e4nyt itselleni toimivan l\u00e4\u00e4kityksen, joka tasaa masennusta ja vauhtihuippuja, aloittanut selk\u00e4ni kuntoutuksen saliharjoittelulla ja toiveissa siint\u00e4v\u00e4t sosionomiopinnot. Toimin my\u00f6s kokemusasiantuntijana ja teen vapaaehtoisty\u00f6t\u00e4 Mielenterveyden tuki ry:ll\u00e4 vet\u00e4en keskustelu- ja toimintaryhmi\u00e4.<\/em><\/p>\n\n\n\n<p><em>Valoa tunnelin p\u00e4\u00e4ss\u00e4 siis n\u00e4kyy, vaikka joskus viel\u00e4kin pelk\u00e4\u00e4n sen olevan vain juna\u2026&#8221;<\/em><\/p>\n\n\n\n<p>Projektin n\u00e4yttely tulee kiert\u00e4m\u00e4\u00e4n eri paikoissa loppuvuoden aikana ja kalenterin vuodelle 2021 p\u00e4\u00e4set tilamaan <a rel=\"noreferrer noopener\" href=\"https:\/\/kaksisuuntaiset.yhdistysavain.fi\" target=\"_blank\">t\u00e4st\u00e4 linkist\u00e4<\/a>. Projektin kuvaajana oli Krister L\u00f6froth, kuvauspaikat lahjoitti MAGITO ja Visuaaliviestinn\u00e4n Instituutti VVI Oy, kalenterin ja n\u00e4yttelykuvat printtasi Color-Kolmio.<\/p>\n","protected":false},"excerpt":{"rendered":"<p>T\u00e4ss\u00e4 on Katariina, yksi kahdestatoista MASENNUSTA JA MANIAA -projektiin osallistuneista. Kaksisuuntaiset Ry ja JAS Kamerakauppa haluavat tuoda esiin aitoja ja erilaisia tarinoita, joista yhteist\u00e4 on vain se, ett\u00e4 tarinoiden kertojilla on kaksisuuntainen mielialah\u00e4iri\u00f6. T\u00e4m\u00e4 sairaus on noin prosentilla suomalaisista ja &hellip; <a href=\"https:\/\/jaskamerakauppa.fi\/blogi\/minun-tarinani-katariina-huhtikuu\/\">Lue loppuun <span class=\"meta-nav\">&rarr;<\/span><\/a><\/p>\n","protected":false},"author":3,"featured_media":0,"comment_status":"closed","ping_status":"open","sticky":false,"template":"","format":"standard","meta":{"footnotes":""},"categories":[1,218],"tags":[2,3,4,164,163,172,171,165,176,167],"class_list":["post-962","post","type-post","status-publish","format-standard","hentry","category-kaikki","category-masennusta-ja-maniaa","tag-jas","tag-jaskamerakauppa","tag-jastekniikka","tag-kaksisuuntainen","tag-kaksisuuntaiset","tag-mania","tag-masennus","tag-mielialahairio","tag-sairaus","tag-terveys"],"_links":{"self":[{"href":"https:\/\/jaskamerakauppa.fi\/blogi\/wp-json\/wp\/v2\/posts\/962","targetHints":{"allow":["GET"]}}],"collection":[{"href":"https:\/\/jaskamerakauppa.fi\/blogi\/wp-json\/wp\/v2\/posts"}],"about":[{"href":"https:\/\/jaskamerakauppa.fi\/blogi\/wp-json\/wp\/v2\/types\/post"}],"author":[{"embeddable":true,"href":"https:\/\/jaskamerakauppa.fi\/blogi\/wp-json\/wp\/v2\/users\/3"}],"replies":[{"embeddable":true,"href":"https:\/\/jaskamerakauppa.fi\/blogi\/wp-json\/wp\/v2\/comments?post=962"}],"version-history":[{"count":5,"href":"https:\/\/jaskamerakauppa.fi\/blogi\/wp-json\/wp\/v2\/posts\/962\/revisions"}],"predecessor-version":[{"id":1030,"href":"https:\/\/jaskamerakauppa.fi\/blogi\/wp-json\/wp\/v2\/posts\/962\/revisions\/1030"}],"wp:attachment":[{"href":"https:\/\/jaskamerakauppa.fi\/blogi\/wp-json\/wp\/v2\/media?parent=962"}],"wp:term":[{"taxonomy":"category","embeddable":true,"href":"https:\/\/jaskamerakauppa.fi\/blogi\/wp-json\/wp\/v2\/categories?post=962"},{"taxonomy":"post_tag","embeddable":true,"href":"https:\/\/jaskamerakauppa.fi\/blogi\/wp-json\/wp\/v2\/tags?post=962"}],"curies":[{"name":"wp","href":"https:\/\/api.w.org\/{rel}","templated":true}]}}