{"id":944,"date":"2021-03-30T09:34:09","date_gmt":"2021-03-30T07:34:09","guid":{"rendered":"https:\/\/jaskamerakauppa.fi\/blogi\/?p=944"},"modified":"2023-10-16T14:17:24","modified_gmt":"2023-10-16T12:17:24","slug":"minun-tarinani-elina","status":"publish","type":"post","link":"https:\/\/jaskamerakauppa.fi\/blogi\/minun-tarinani-elina\/","title":{"rendered":"Minun tarinani &#8211; Elina"},"content":{"rendered":"\n<p><strong>Kaksisuuntaiset Ry:n ja JAS Kamerakaupan MASENNUSTA JA MANIAA -projekti esittelee 12 aitoa tarinaa ihmisist\u00e4, jotka sairastavat kaksisuuntaista mielialah\u00e4iri\u00f6t\u00e4. Kaksisuuntainen eli bipolaarinen mielialah\u00e4iri\u00f6 on psykiatrinen sairaus, jossa esiintyy vaihtelevasti maanisia, hypomaanisia, masentuneita tai sekamuotoisia sairausjaksoja. Sairausjaksojen v\u00e4lill\u00e4 voi olla my\u00f6s oireettomia kausia. Kaksisuuntaista mielialah\u00e4iri\u00f6t\u00e4 sairastaa noin prosentti suomalaisista. T\u00e4ss\u00e4 on Elinan tarina.<\/strong><\/p>\n\n\n\n<p><em>Olen 36v ja sairastuin 20v muutettuani kotikaupungistani Riihim\u00e4elt\u00e4 Lahteen opiskelemaan musiikkia ammattikorkeakouluun. Opiskelin musiikkipedagogiikkaa ja opiskelutahti oli todella tiivist\u00e4. Jaksoin ensin ihan mahdottomasti kaikkea, juhlin jatkuvasti ja reilun vuoden j\u00e4lkeen alkoi alam\u00e4ki. Jaksoin opiskella 3 vuotta ennen kuin paloin lopullisesti loppuun. Jouduin ensimm\u00e4iselle osastojaksolleni, jossa vietinkin koko kes\u00e4n 2006. Aloitin l\u00e4\u00e4kityksen ja terapian, jossa olin 4 vuotta 1-2x viikossa. <\/em><\/p>\n\n\n\n<p><em>Vuonna 2008 olin hieman paremmassa kunnossa ja aloitin kirjastovirkai-<br> lijaopinnot. Opiskelu kesti 2v ja sen j\u00e4lkeen k\u00e4vin t\u00f6iss\u00e4 Helsingiss\u00e4. Vointi oli v\u00e4lill\u00e4 todella huono ja olinkin muutamia p\u00e4tki\u00e4 sairauslomalla. Ty\u00f6sarka kesti 9kk, jonka j\u00e4lkeen olin 2v ty\u00f6tt\u00f6m\u00e4n\u00e4. Lopetin mielialal\u00e4\u00e4kkeet, tein el\u00e4m\u00e4ntapamuutoksen ja sain pois 30kg, jotka olivat tulleet vuosien varrella masennuksen ja l\u00e4\u00e4kkeiden my\u00f6t\u00e4. <\/em><\/p>\n\n\n\n<figure class=\"wp-block-image\"><img loading=\"lazy\" decoding=\"async\" width=\"1024\" height=\"1024\" src=\"https:\/\/jaskamerakauppa.fi\/blogi\/wp-content\/uploads\/2021\/02\/KA6_mallille-1024x1024.jpg\" alt=\"\" class=\"wp-image-948\" srcset=\"https:\/\/jaskamerakauppa.fi\/blogi\/wp-content\/uploads\/2021\/02\/KA6_mallille-1024x1024.jpg 1024w, https:\/\/jaskamerakauppa.fi\/blogi\/wp-content\/uploads\/2021\/02\/KA6_mallille-150x150.jpg 150w, https:\/\/jaskamerakauppa.fi\/blogi\/wp-content\/uploads\/2021\/02\/KA6_mallille-300x300.jpg 300w, https:\/\/jaskamerakauppa.fi\/blogi\/wp-content\/uploads\/2021\/02\/KA6_mallille-768x768.jpg 768w, https:\/\/jaskamerakauppa.fi\/blogi\/wp-content\/uploads\/2021\/02\/KA6_mallille.jpg 1500w\" sizes=\"auto, (max-width: 1024px) 100vw, 1024px\" \/><\/figure>\n\n\n\n<p><em>L\u00e4\u00e4kkeett\u00f6m\u00e4n\u00e4 ja innokkaana l\u00e4hdin 2013 t\u00f6ihin Tikkurilaan puoleksitoista vuodeksi, jonka aikana k\u00e4vi taas sama juttu kuin opiskellessa. Ensin jaksoin rajattomasti tehd\u00e4 t\u00f6it\u00e4 ja nukuin vain parin tunnin unia ja puolen vuoden p\u00e4\u00e4st\u00e4 alkoi alam\u00e4ki. Olin sairauslomalla ja osastohoidossa. Jaksoin tehd\u00e4 t\u00f6it\u00e4 viel\u00e4 jonkin aikaa ja ennen ty\u00f6suhteen loppumista j\u00e4in sairauslomalle. <\/em><\/p>\n\n\n\n<p><em>Oli todella vaikea hyv\u00e4ksy\u00e4 sit\u00e4, ett\u00e4 en p\u00e4rj\u00e4\u00e4 ty\u00f6el\u00e4m\u00e4ss\u00e4 niin kuin terveet ihmiset edes l\u00e4\u00e4kkeiden avulla. Stressinsietokyky on olematon ja ajaudun itsemurhan partaalle ja sairaalaan. Jopa s\u00e4hk\u00f6hoitoa kokeiltiin, mutta ilman tuloksia. Olin yht\u00e4jaksoisesti poissa ty\u00f6el\u00e4m\u00e4st\u00e4 viime vuoteen saakka, jolloin p\u00e4\u00e4sin pysyv\u00e4lle ty\u00f6kyvytt\u00f6myysel\u00e4kkeelle.<\/em><\/p>\n\n\n\n<p><em>Ei kukaan toivo joutuvansa el\u00e4kkeelle 34-vuotiaana, se on traagista. Minun henkeni se kuitenkin pelasti ja sain mielenrauhan pitk\u00e4n taistelun j\u00e4lkeen. Harrastan paljon liikuntaa ja saan siit\u00e4 mielihyv\u00e4\u00e4, olenkin fyysisesti paremmassa kunnossa kuin koskaan. Balanssi oman mielenterveyden suhteen on kuitenkin hyvin hauras ja vaatii loppuel\u00e4m\u00e4n l\u00e4\u00e4kityst\u00e4 ja oman olon sek\u00e4 unirytmin seuraamista. Haluaisin sanoa, ett\u00e4 tarinallani on onnellinen loppu, mutta en usko kuolevani vanhuuteen. Nyt kuitenkin hetki kerrallaan. <\/em><\/p>\n\n\n\n<p>Projektin n\u00e4yttely tulee kiert\u00e4m\u00e4\u00e4n eri paikoissa loppuvuoden aikana ja kalenterin vuodelle 2021 p\u00e4\u00e4set tilamaan <a rel=\"noreferrer noopener\" href=\"https:\/\/kaksisuuntaiset.yhdistysavain.fi\" target=\"_blank\">t\u00e4st\u00e4 linkist\u00e4<\/a>. Projektin kuvaajana oli Krister L\u00f6froth, kuvauspaikat lahjoitti MAGITO ja Visuaaliviestinn\u00e4n Instituutti VVI Oy, kalenterin ja n\u00e4yttelykuvat printtasi Color-Kolmio.<\/p>\n","protected":false},"excerpt":{"rendered":"<p>Kaksisuuntaiset Ry:n ja JAS Kamerakaupan MASENNUSTA JA MANIAA -projekti esittelee 12 aitoa tarinaa ihmisist\u00e4, jotka sairastavat kaksisuuntaista mielialah\u00e4iri\u00f6t\u00e4. Kaksisuuntainen eli bipolaarinen mielialah\u00e4iri\u00f6 on psykiatrinen sairaus, jossa esiintyy vaihtelevasti maanisia, hypomaanisia, masentuneita tai sekamuotoisia sairausjaksoja. Sairausjaksojen v\u00e4lill\u00e4 voi olla my\u00f6s oireettomia &hellip; <a href=\"https:\/\/jaskamerakauppa.fi\/blogi\/minun-tarinani-elina\/\">Lue loppuun <span class=\"meta-nav\">&rarr;<\/span><\/a><\/p>\n","protected":false},"author":3,"featured_media":0,"comment_status":"closed","ping_status":"open","sticky":false,"template":"","format":"standard","meta":{"footnotes":""},"categories":[1,218],"tags":[2,3,4,164,163,175,172,171,165,174,173],"class_list":["post-944","post","type-post","status-publish","format-standard","hentry","category-kaikki","category-masennusta-ja-maniaa","tag-jas","tag-jaskamerakauppa","tag-jastekniikka","tag-kaksisuuntainen","tag-kaksisuuntaiset","tag-magito","tag-mania","tag-masennus","tag-mielialahairio","tag-mielialalaakkeet","tag-sairausloma"],"_links":{"self":[{"href":"https:\/\/jaskamerakauppa.fi\/blogi\/wp-json\/wp\/v2\/posts\/944","targetHints":{"allow":["GET"]}}],"collection":[{"href":"https:\/\/jaskamerakauppa.fi\/blogi\/wp-json\/wp\/v2\/posts"}],"about":[{"href":"https:\/\/jaskamerakauppa.fi\/blogi\/wp-json\/wp\/v2\/types\/post"}],"author":[{"embeddable":true,"href":"https:\/\/jaskamerakauppa.fi\/blogi\/wp-json\/wp\/v2\/users\/3"}],"replies":[{"embeddable":true,"href":"https:\/\/jaskamerakauppa.fi\/blogi\/wp-json\/wp\/v2\/comments?post=944"}],"version-history":[{"count":5,"href":"https:\/\/jaskamerakauppa.fi\/blogi\/wp-json\/wp\/v2\/posts\/944\/revisions"}],"predecessor-version":[{"id":1027,"href":"https:\/\/jaskamerakauppa.fi\/blogi\/wp-json\/wp\/v2\/posts\/944\/revisions\/1027"}],"wp:attachment":[{"href":"https:\/\/jaskamerakauppa.fi\/blogi\/wp-json\/wp\/v2\/media?parent=944"}],"wp:term":[{"taxonomy":"category","embeddable":true,"href":"https:\/\/jaskamerakauppa.fi\/blogi\/wp-json\/wp\/v2\/categories?post=944"},{"taxonomy":"post_tag","embeddable":true,"href":"https:\/\/jaskamerakauppa.fi\/blogi\/wp-json\/wp\/v2\/tags?post=944"}],"curies":[{"name":"wp","href":"https:\/\/api.w.org\/{rel}","templated":true}]}}