{"id":939,"date":"2021-03-02T10:01:50","date_gmt":"2021-03-02T08:01:50","guid":{"rendered":"https:\/\/jaskamerakauppa.fi\/blogi\/?p=939"},"modified":"2023-10-16T14:18:18","modified_gmt":"2023-10-16T12:18:18","slug":"minun-tarinani-henna","status":"publish","type":"post","link":"https:\/\/jaskamerakauppa.fi\/blogi\/minun-tarinani-henna\/","title":{"rendered":"Minun tarinani &#8211; Henna"},"content":{"rendered":"\n<p><strong>MASENNUSTA JA MANIAA -projekti tehtiin yhteisty\u00f6ss\u00e4 Kaksisuuntaiset Ry:n ja JAS Kamerakaupan kesken. Kaiken keski\u00f6ss\u00e4 on 12 aitoa tarinaa henkil\u00f6ist\u00e4, jotka sairastavat kaksisuuntaista mielialah\u00e4iri\u00f6t\u00e4. T\u00e4ss\u00e4 Hennan tarina.<\/strong><\/p>\n\n\n\n<p><em>&#8221;Olen saanut virallisen diagnoosin kaksisuuntaiseen mielialah\u00e4iri\u00f6\u00f6n vuoden 2019 loppupuolella, mutta asiaa oli toki tutkittu jo pidemm\u00e4n aikaa aiemminkin.<\/em><\/p>\n\n\n\n<p><em>Muistan, kuinka t\u00f6rm\u00e4sin teini-ik\u00e4isen\u00e4 lehdess\u00e4 olleeseen artikkeliin ihmisest\u00e4, joka sairasti t\u00e4t\u00e4 kyseist\u00e4 sairautta. Silloinen teksti sai minut miettim\u00e4\u00e4n, ett\u00e4 kuvaus oli ihan kuin omasta el\u00e4m\u00e4st\u00e4ni. Mielt\u00e4ni on tutkittu vuosien saatossa useaan otteeseen eri tahojen osalta, mutta olen itse j\u00e4tt\u00e4nyt hoidot kesken oloni parannuttua.<\/em><\/p>\n\n\n\n<p><em>Pitk\u00e4\u00e4n ajattelin minulla olevan vain masennusta, joka olisi ohimenev\u00e4 vaihe el\u00e4m\u00e4ss\u00e4ni. Vuosien ajan kipuilin mielialojen aaltoilun kanssa, kunnes 2017 saavutin el\u00e4m\u00e4ni syvimm\u00e4n aallonpohjan ja p\u00e4\u00e4tin hakea apua, johon sitoudun t\u00e4ysin. Tiesin, ett\u00e4 mik\u00e4li en hakisi apua tulisin musertumaan totaalisesti. Mit\u00e4 pidemm\u00e4lle hoitojakso eteni, ilmeni todella vahva ep\u00e4ilys kaksisuuntaisesta. Suurin osa elostani oli ollut masennukseen taipuvaa, mutta olin kokenut yhden todella selke\u00e4n manian, joten pelkk\u00e4 masennus ei en\u00e4\u00e4 sopinut kuvaan.<\/em><\/p>\n\n\n\n<p><em>T\u00e4m\u00e4n tiedon saaminen oli minulle todella raskasta, tuntui aivan silt\u00e4, kuin koko minuus olisi murskattu ja olisin saanut valtavan leiman otsaan, jossa lukee kissankokoisilla kirjaimilla &#8221;HULLU&#8221;. Jouduin painimaan ajatuksen kanssa todella pitk\u00e4\u00e4n, jotta pystyin itse hyv\u00e4ksym\u00e4\u00e4n sairauden olemassaolon sek\u00e4 sen, ettei se kerro koko totuutta minusta.<\/em><\/p>\n\n\n\n<figure class=\"wp-block-image\"><img loading=\"lazy\" decoding=\"async\" width=\"1024\" height=\"1024\" src=\"https:\/\/jaskamerakauppa.fi\/blogi\/wp-content\/uploads\/2021\/02\/KA7_mallille-1024x1024.jpg\" alt=\"\" class=\"wp-image-941\" srcset=\"https:\/\/jaskamerakauppa.fi\/blogi\/wp-content\/uploads\/2021\/02\/KA7_mallille-1024x1024.jpg 1024w, https:\/\/jaskamerakauppa.fi\/blogi\/wp-content\/uploads\/2021\/02\/KA7_mallille-150x150.jpg 150w, https:\/\/jaskamerakauppa.fi\/blogi\/wp-content\/uploads\/2021\/02\/KA7_mallille-300x300.jpg 300w, https:\/\/jaskamerakauppa.fi\/blogi\/wp-content\/uploads\/2021\/02\/KA7_mallille-768x768.jpg 768w, https:\/\/jaskamerakauppa.fi\/blogi\/wp-content\/uploads\/2021\/02\/KA7_mallille.jpg 1500w\" sizes=\"auto, (max-width: 1024px) 100vw, 1024px\" \/><\/figure>\n\n\n\n<p><em>Pikkuhiljaa aloin l\u00e4heisteni tuen avulla tajuamaan, etten ole muuttunut mihink\u00e4\u00e4n, eik\u00e4 diagnoosi muuta minussa mit\u00e4\u00e4n. Heid\u00e4n kauttaan ymm\u00e4rsin, ett\u00e4 t\u00e4m\u00e4 tieto oli hyvin pitk\u00e4lti selitys, miksi olin voinut monta vuotta niin huonosti. Aloin ymm\u00e4rt\u00e4\u00e4, ett\u00e4 diagnoosi oli avain el\u00e4m\u00e4ni normalisoitumiseen, sill\u00e4 nyt saan oikeanlaista apua ja hoitoa.<\/em><\/p>\n\n\n\n<p><em>Nyt olen 25-vuotias ja tilani on todella stabiili ja t\u00e4st\u00e4 kiitos kuuluu mahtavalle psykoterapeutilleni sek\u00e4 oikeanlaiselle l\u00e4\u00e4kitykselle. Paljon t\u00f6it\u00e4 olen joutunut ja joudun jatkossa tekem\u00e4\u00e4n itseni kanssa, mutta pitk\u00e4lle on tultu niist\u00e4 ajoista, kun koko el\u00e4m\u00e4 meinasi kaatua p\u00e4\u00e4lle. Matkan varrella on tullut opittua se, ett\u00e4 min\u00e4 en ole sairauteni m\u00e4\u00e4ritt\u00e4m\u00e4, vaan p\u00e4\u00e4t\u00e4n itse kuka olen ja mit\u00e4 teen.&#8221;<\/em><\/p>\n\n\n\n<p>Projektin n\u00e4yttely tulee kiert\u00e4m\u00e4\u00e4n eri paikoissa loppuvuoden aikana ja kalenterin vuodelle 2021 p\u00e4\u00e4set tilamaan <a rel=\"noreferrer noopener\" href=\"https:\/\/kaksisuuntaiset.yhdistysavain.fi\" target=\"_blank\">t\u00e4st\u00e4 linkist\u00e4<\/a>. Projektin kuvaajana oli Krister L\u00f6froth, kuvauspaikat lahjoitti MAGITO ja Visuaaliviestinn\u00e4n Instituutti VVI Oy, kalenterin ja n\u00e4yttelykuvat printtasi Color-Kolmio.<\/p>\n","protected":false},"excerpt":{"rendered":"<p>MASENNUSTA JA MANIAA -projekti tehtiin yhteisty\u00f6ss\u00e4 Kaksisuuntaiset Ry:n ja JAS Kamerakaupan kesken. Kaiken keski\u00f6ss\u00e4 on 12 aitoa tarinaa henkil\u00f6ist\u00e4, jotka sairastavat kaksisuuntaista mielialah\u00e4iri\u00f6t\u00e4. T\u00e4ss\u00e4 Hennan tarina. &#8221;Olen saanut virallisen diagnoosin kaksisuuntaiseen mielialah\u00e4iri\u00f6\u00f6n vuoden 2019 loppupuolella, mutta asiaa oli toki tutkittu &hellip; <a href=\"https:\/\/jaskamerakauppa.fi\/blogi\/minun-tarinani-henna\/\">Lue loppuun <span class=\"meta-nav\">&rarr;<\/span><\/a><\/p>\n","protected":false},"author":3,"featured_media":0,"comment_status":"closed","ping_status":"open","sticky":false,"template":"","format":"standard","meta":{"footnotes":""},"categories":[1,218],"tags":[170,168,2,3,4,164,163,166,165,169,167],"class_list":["post-939","post","type-post","status-publish","format-standard","hentry","category-kaikki","category-masennusta-ja-maniaa","tag-170","tag-diagnoosi","tag-jas","tag-jaskamerakauppa","tag-jastekniikka","tag-kaksisuuntainen","tag-kaksisuuntaiset","tag-mielenterveys","tag-mielialahairio","tag-tarina","tag-terveys"],"_links":{"self":[{"href":"https:\/\/jaskamerakauppa.fi\/blogi\/wp-json\/wp\/v2\/posts\/939","targetHints":{"allow":["GET"]}}],"collection":[{"href":"https:\/\/jaskamerakauppa.fi\/blogi\/wp-json\/wp\/v2\/posts"}],"about":[{"href":"https:\/\/jaskamerakauppa.fi\/blogi\/wp-json\/wp\/v2\/types\/post"}],"author":[{"embeddable":true,"href":"https:\/\/jaskamerakauppa.fi\/blogi\/wp-json\/wp\/v2\/users\/3"}],"replies":[{"embeddable":true,"href":"https:\/\/jaskamerakauppa.fi\/blogi\/wp-json\/wp\/v2\/comments?post=939"}],"version-history":[{"count":5,"href":"https:\/\/jaskamerakauppa.fi\/blogi\/wp-json\/wp\/v2\/posts\/939\/revisions"}],"predecessor-version":[{"id":988,"href":"https:\/\/jaskamerakauppa.fi\/blogi\/wp-json\/wp\/v2\/posts\/939\/revisions\/988"}],"wp:attachment":[{"href":"https:\/\/jaskamerakauppa.fi\/blogi\/wp-json\/wp\/v2\/media?parent=939"}],"wp:term":[{"taxonomy":"category","embeddable":true,"href":"https:\/\/jaskamerakauppa.fi\/blogi\/wp-json\/wp\/v2\/categories?post=939"},{"taxonomy":"post_tag","embeddable":true,"href":"https:\/\/jaskamerakauppa.fi\/blogi\/wp-json\/wp\/v2\/tags?post=939"}],"curies":[{"name":"wp","href":"https:\/\/api.w.org\/{rel}","templated":true}]}}