{"id":933,"date":"2021-02-17T13:10:44","date_gmt":"2021-02-17T11:10:44","guid":{"rendered":"https:\/\/jaskamerakauppa.fi\/blogi\/?p=933"},"modified":"2023-10-16T14:18:52","modified_gmt":"2023-10-16T12:18:52","slug":"minun-tarinani-johanna-karelahti","status":"publish","type":"post","link":"https:\/\/jaskamerakauppa.fi\/blogi\/minun-tarinani-johanna-karelahti\/","title":{"rendered":"Minun tarinani &#8211; Johanna Karelahti"},"content":{"rendered":"\n<p><strong>Kaksisuuntaiset Ry ja JAS Kamerakauppa teki ison MASENNUSTA JA MANIAA yhteisty\u00f6projektin, jossa esiteltiin 12 ihmisen 12 tositarinaa kaksisuuntaisen mielialah\u00e4iri\u00f6n v\u00e4ritt\u00e4m\u00e4st\u00e4 el\u00e4m\u00e4st\u00e4. My\u00f6hemmin t\u00e4n\u00e4 vuonna n\u00e4yttely tulee kiert\u00e4m\u00e4\u00e4n Suomea, mutta kalenteria vuodelle 2021 voi nyt tilata. Johanna Karelahti on yhdistyksen puheenjohtaja ja n\u00e4hnyt paljon erilaisia tarinoita mm kokemusasiantuntijan roolissa. T\u00e4ss\u00e4 on Johannan oma tarina. <\/strong><\/p>\n\n\n\n<p><em>&#8221;Sairastuin jo nuorena. Olin 16-vuotias, kun masennus tuli hiipien. Synkk\u00e4\u00e4 kautta seurasi ennen pitk\u00e4\u00e4 vauhdikkaampi. Samalla harhaluulot kuten uskonnolliset kuvitelmat ja suuruusharhat astuivat kuvioon. Pidin itse\u00e4ni guruna ja maailman pelastajana. Kirjoitin raivokkaalla vimmalla runoja, maalasin ja opettelin soittamaan kitaraa.<\/em><\/p>\n\n\n\n<p><em>Kukaan ei tajunnut, ett\u00e4 olin sairas. Minua pidettiin henkisen\u00e4, kummallisena tytt\u00f6n\u00e4, joka vain oli enemm\u00e4n pihalla kuin nuoret keskim\u00e4\u00e4rin. Tai ehk\u00e4 joku tajusikin, mutta ei tohtinut puuttua asiaan. Kotona ei ainakaan tajuttu. Vanhempien mielest\u00e4 henkisyys oli kihahtanut minulle hattuun, mutta eih\u00e4n n\u00e4in j\u00e4rkev\u00e4 tytt\u00f6 sairas voinut olla.<\/em><\/p>\n\n\n\n<p><em>J\u00e4rkev\u00e4 min\u00e4 olinkin, ja koska p\u00e4rj\u00e4sin koulussa loistavasti, katsottiin kulmikasta k\u00e4yt\u00f6st\u00e4ni l\u00e4pi sormien. Sairaudentuntoa minulla ei ollut. Tajusin, etten ollut ihan normaali, mutta se oli mielest\u00e4ni vain osoitus omasta poikkeuksellisesta erinomaisuudestani. Maailma oli sairas, min\u00e4 en. Sairaudentunto tuli vasta paljon my\u00f6hemmin, olin silloin 33-vuotias.<\/em><\/p>\n\n\n\n<p><em>En tied\u00e4, mit\u00e4 on olla terve aikuinen, en ole sit\u00e4 koskaan kokenut. Erikoista sin\u00e4ll\u00e4\u00e4n on, ett\u00e4 pelk\u00e4sin \u201dhulluksi tulemista\u201d aivan mahdottoman paljon nuorena aikuisena \u2013 vaikka jo olin hullu, tiet\u00e4m\u00e4tt\u00e4ni.<\/em><\/p>\n\n\n\n<p><em>Olin ty\u00f6el\u00e4m\u00e4ss\u00e4, kunnes sairaudentunto iski tajuntaani. Monien vaiheiden j\u00e4lkeen p\u00e4\u00e4dyin ty\u00f6kyvytt\u00f6myysel\u00e4kkeelle. Samassa py\u00f6rityksess\u00e4 minusta tuli my\u00f6s \u00e4iti. Lapseni yksivuotisp\u00e4iv\u00e4n vietin suljetulla osastolla, mik\u00e4 viel\u00e4kin minua kaihertaa.<\/em><\/p>\n\n\n\n<figure class=\"wp-block-image\"><img loading=\"lazy\" decoding=\"async\" width=\"1024\" height=\"1024\" src=\"https:\/\/jaskamerakauppa.fi\/blogi\/wp-content\/uploads\/2021\/02\/KA1_mallille-1024x1024.jpg\" alt=\"\" class=\"wp-image-937\" srcset=\"https:\/\/jaskamerakauppa.fi\/blogi\/wp-content\/uploads\/2021\/02\/KA1_mallille-1024x1024.jpg 1024w, https:\/\/jaskamerakauppa.fi\/blogi\/wp-content\/uploads\/2021\/02\/KA1_mallille-150x150.jpg 150w, https:\/\/jaskamerakauppa.fi\/blogi\/wp-content\/uploads\/2021\/02\/KA1_mallille-300x300.jpg 300w, https:\/\/jaskamerakauppa.fi\/blogi\/wp-content\/uploads\/2021\/02\/KA1_mallille-768x768.jpg 768w, https:\/\/jaskamerakauppa.fi\/blogi\/wp-content\/uploads\/2021\/02\/KA1_mallille.jpg 1500w\" sizes=\"auto, (max-width: 1024px) 100vw, 1024px\" \/><\/figure>\n\n\n\n<p><em>Sairaus on rajoittanut el\u00e4m\u00e4\u00e4ni monella tapaa. Toisaalta olen l\u00f6yt\u00e4nyt vauhtikausien my\u00f6t\u00e4 itsest\u00e4ni aivan uudenlaisia luovuuden l\u00e4hteit\u00e4. Olisinko koskaan sovittanut barokkiaarioita naiskvartetin laulettavaksi, ellen olisi ollut hypomaaninen? Olen my\u00f6s kirjoittanut myrskyis\u00e4ll\u00e4 vimmalla sellaista runollista sanojen vuota, etten ikin\u00e4 olisi tasaisemmalla kaudella sellaiseen pystynyt. Tauluissani loistavat v\u00e4rit, jotka eiv\u00e4t ole ihan t\u00e4st\u00e4 maailmasta. Sairaus p\u00e4\u00e4st\u00e4\u00e4 minut sellaisille mielen alueille, joille terveill\u00e4 ei ole p\u00e4\u00e4sy\u00e4. Onko kukaan terve ikin\u00e4 ollut Tampereen kuningatar kultaisessa viitassaan ja luonut suopeita katseita alamaisiinsa? Tai eksynyt sysimustaan hiilikaivokseen.<\/em><\/p>\n\n\n\n<p><em>Haluaisin ihmisten tiet\u00e4v\u00e4n, ett\u00e4 t\u00e4m\u00e4 ei ole j\u00e4rkevyysh\u00e4iri\u00f6. T\u00e4m\u00e4 ei my\u00f6sk\u00e4\u00e4n ole \u00e4lykkyysh\u00e4iri\u00f6. T\u00e4m\u00e4 on mielialah\u00e4iri\u00f6, ja minun tapauksessani v\u00e4lill\u00e4 psykoottinen sairaus my\u00f6s, mutta en ole yht\u00e4\u00e4n sen huonompi, tyhmempi, pahempi tai heikompi kuin terve ihminen. Haluaisin my\u00f6s ihmisten tiet\u00e4v\u00e4n, ett\u00e4 kukaan ei sairastu tahallaan. Ihminen on t\u00e4ysin viaton, syyt\u00f6n sairauteensa. Sairaus on henkil\u00f6kohtainen, l\u00e4hipiirin ja jopa koko yhteiskunnan tragedia. Silti sen kanssa on mahdollista el\u00e4\u00e4. Terveys on yhteiskunnassammme suuressa arvossa ja ihannoinnissa. Kuitenkaan se ei ole kaikki. Olen menett\u00e4nyt terveyteni, mutta el\u00e4m\u00e4ni on monesti aivan onnellista. Olen taiteilija, vaimo ja \u00e4iti. Niiss\u00e4 asioissa olen hyv\u00e4. <\/em><\/p>\n\n\n\n<p><em>Olen nyt 45-vuotias ja minulla on paljon unelmia. Ennen kaikkea toivon lapselleni onnellista el\u00e4m\u00e4\u00e4. Toisekseen toivon itse p\u00e4\u00e4sev\u00e4ni vaikuttamaan positiivisesti mielisairaiden asemaan yhteiskunnassa. Toivon, ett\u00e4 taiteestani on iloa itseni lis\u00e4ksi my\u00f6s muille ihmisille. T\u00e4h\u00e4n sairauteen en aio kuolla, vaan aion el\u00e4\u00e4 sen kanssa ja kulkea sovussa k\u00e4sikk\u00e4in niin pitk\u00e4lle kuin el\u00e4m\u00e4 kantaa.&#8221;<\/em><\/p>\n\n\n\n<p>Kalenterin p\u00e4\u00e4set tilamaan <a href=\"https:\/\/kaksisuuntaiset.yhdistysavain.fi\" target=\"_blank\" rel=\"noreferrer noopener\" aria-label=\"t\u00e4st\u00e4 linkist\u00e4 (avautuu uudessa v\u00e4lilehdess\u00e4)\">t\u00e4st\u00e4 linkist\u00e4<\/a>. Projektin kuvaajana oli Krister L\u00f6froth, kuvauspaikat lahjoitti MAGITO ja Visuaaliviestinn\u00e4n Instituutti VVI Oy, kalenterin ja n\u00e4yttelykuvat printtasi Color-Kolmio.<\/p>\n\n\n\n<p><\/p>\n","protected":false},"excerpt":{"rendered":"<p>Kaksisuuntaiset Ry ja JAS Kamerakauppa teki ison MASENNUSTA JA MANIAA yhteisty\u00f6projektin, jossa esiteltiin 12 ihmisen 12 tositarinaa kaksisuuntaisen mielialah\u00e4iri\u00f6n v\u00e4ritt\u00e4m\u00e4st\u00e4 el\u00e4m\u00e4st\u00e4. My\u00f6hemmin t\u00e4n\u00e4 vuonna n\u00e4yttely tulee kiert\u00e4m\u00e4\u00e4n Suomea, mutta kalenteria vuodelle 2021 voi nyt tilata. Johanna Karelahti on yhdistyksen puheenjohtaja &hellip; <a href=\"https:\/\/jaskamerakauppa.fi\/blogi\/minun-tarinani-johanna-karelahti\/\">Lue loppuun <span class=\"meta-nav\">&rarr;<\/span><\/a><\/p>\n","protected":false},"author":3,"featured_media":0,"comment_status":"closed","ping_status":"open","sticky":false,"template":"","format":"standard","meta":{"footnotes":""},"categories":[1,218],"tags":[2,3,4,164,163,166,165],"class_list":["post-933","post","type-post","status-publish","format-standard","hentry","category-kaikki","category-masennusta-ja-maniaa","tag-jas","tag-jaskamerakauppa","tag-jastekniikka","tag-kaksisuuntainen","tag-kaksisuuntaiset","tag-mielenterveys","tag-mielialahairio"],"_links":{"self":[{"href":"https:\/\/jaskamerakauppa.fi\/blogi\/wp-json\/wp\/v2\/posts\/933","targetHints":{"allow":["GET"]}}],"collection":[{"href":"https:\/\/jaskamerakauppa.fi\/blogi\/wp-json\/wp\/v2\/posts"}],"about":[{"href":"https:\/\/jaskamerakauppa.fi\/blogi\/wp-json\/wp\/v2\/types\/post"}],"author":[{"embeddable":true,"href":"https:\/\/jaskamerakauppa.fi\/blogi\/wp-json\/wp\/v2\/users\/3"}],"replies":[{"embeddable":true,"href":"https:\/\/jaskamerakauppa.fi\/blogi\/wp-json\/wp\/v2\/comments?post=933"}],"version-history":[{"count":5,"href":"https:\/\/jaskamerakauppa.fi\/blogi\/wp-json\/wp\/v2\/posts\/933\/revisions"}],"predecessor-version":[{"id":951,"href":"https:\/\/jaskamerakauppa.fi\/blogi\/wp-json\/wp\/v2\/posts\/933\/revisions\/951"}],"wp:attachment":[{"href":"https:\/\/jaskamerakauppa.fi\/blogi\/wp-json\/wp\/v2\/media?parent=933"}],"wp:term":[{"taxonomy":"category","embeddable":true,"href":"https:\/\/jaskamerakauppa.fi\/blogi\/wp-json\/wp\/v2\/categories?post=933"},{"taxonomy":"post_tag","embeddable":true,"href":"https:\/\/jaskamerakauppa.fi\/blogi\/wp-json\/wp\/v2\/tags?post=933"}],"curies":[{"name":"wp","href":"https:\/\/api.w.org\/{rel}","templated":true}]}}