{"id":840,"date":"2020-10-13T09:05:25","date_gmt":"2020-10-13T07:05:25","guid":{"rendered":"https:\/\/jaskamerakauppa.fi\/blogi\/?p=840"},"modified":"2023-10-16T14:20:11","modified_gmt":"2023-10-16T12:20:11","slug":"jotain-pienta-monivalotuksesta","status":"publish","type":"post","link":"https:\/\/jaskamerakauppa.fi\/blogi\/jotain-pienta-monivalotuksesta\/","title":{"rendered":"Valotus vastaan monivalotus"},"content":{"rendered":"\n<p><strong>Tarkoitan t\u00e4ss\u00e4 yhteydess\u00e4 monivalotuksella sit\u00e4, ett\u00e4 eri osat kuva-alasta valotetaan eri aikaan tai eri ajalla. Itse tein vuosituhannen vaihteessa aiheesta Valokuvaajan Erikoisammattitutkinnon ja tuolloin monia asioita tehtiin ja kannattikin tehd\u00e4 liven\u00e4. Nyky\u00e4\u00e4n Photoshopilla voi j\u00e4ljitell\u00e4 t\u00e4llaista lopputulosta aika hyvin, joten kyseess\u00e4 lienee l\u00e4hinn\u00e4 katoavaa kansaperinnett\u00e4. Vilkaistaan silti pieni yksityiskohta kyseisest\u00e4 monivalotusleikist\u00e4.<\/strong><\/p>\n\n\n\n<p>T\u00e4ss\u00e4 kuvassa on malli ja tausta valaistu erikseen eri ajalla. Malli on valaistu kahdella samalla etupuolelta ja tausta on valaistu puolen sekunnin ajalla pelk\u00e4ll\u00e4 salaman ohjausvalolla. Eli mallin etupuoli piirtyy ter\u00e4v\u00e4n\u00e4 niilt\u00e4 osin, mihin salaman valo osuu ja koska n\u00e4iden salamoiden ohjausvalot ei ole p\u00e4\u00e4ll\u00e4, ei my\u00f6sk\u00e4\u00e4n malliin p\u00e4\u00e4lle tule huntua. Kun taustasalama ei v\u00e4l\u00e4hd\u00e4, niin mallin reunat piirtyv\u00e4t pehme\u00e4sti puolen sekunnin aikana. Kun kamera\/malli liikkuu, niin mallin ja taustan rajapinnassa tuo liike n\u00e4kyy.<\/p>\n\n\n\n<figure class=\"wp-block-image\"><img loading=\"lazy\" decoding=\"async\" width=\"1024\" height=\"1024\" src=\"https:\/\/jaskamerakauppa.fi\/blogi\/wp-content\/uploads\/2020\/08\/paivi196uusi1200-1024x1024.jpg\" alt=\"\" class=\"wp-image-841\" srcset=\"https:\/\/jaskamerakauppa.fi\/blogi\/wp-content\/uploads\/2020\/08\/paivi196uusi1200-1024x1024.jpg 1024w, https:\/\/jaskamerakauppa.fi\/blogi\/wp-content\/uploads\/2020\/08\/paivi196uusi1200-150x150.jpg 150w, https:\/\/jaskamerakauppa.fi\/blogi\/wp-content\/uploads\/2020\/08\/paivi196uusi1200-300x300.jpg 300w, https:\/\/jaskamerakauppa.fi\/blogi\/wp-content\/uploads\/2020\/08\/paivi196uusi1200-768x768.jpg 768w, https:\/\/jaskamerakauppa.fi\/blogi\/wp-content\/uploads\/2020\/08\/paivi196uusi1200.jpg 1200w\" sizes=\"auto, (max-width: 1024px) 100vw, 1024px\" \/><figcaption>MALLI: <a href=\"https:\/\/www.instagram.com\/paivijoutila\/\" target=\"_blank\" rel=\"noreferrer noopener\" aria-label=\"P\u00e4ivi Joutila (avautuu uudessa v\u00e4lilehdess\u00e4)\">P\u00e4ivi Joutila<\/a><\/figcaption><\/figure>\n\n\n\n<figure class=\"wp-block-image\"><img loading=\"lazy\" decoding=\"async\" width=\"1820\" height=\"1024\" src=\"https:\/\/jaskamerakauppa.fi\/blogi\/wp-content\/uploads\/2020\/08\/hiusten_reunat-1820x1024.png\" alt=\"\" class=\"wp-image-842\" srcset=\"https:\/\/jaskamerakauppa.fi\/blogi\/wp-content\/uploads\/2020\/08\/hiusten_reunat-1820x1024.png 1820w, https:\/\/jaskamerakauppa.fi\/blogi\/wp-content\/uploads\/2020\/08\/hiusten_reunat-300x169.png 300w, https:\/\/jaskamerakauppa.fi\/blogi\/wp-content\/uploads\/2020\/08\/hiusten_reunat-768x432.png 768w, https:\/\/jaskamerakauppa.fi\/blogi\/wp-content\/uploads\/2020\/08\/hiusten_reunat-500x281.png 500w\" sizes=\"auto, (max-width: 1820px) 100vw, 1820px\" \/><figcaption>T\u00e4st\u00e4 n\u00e4kee ilmi\u00f6n&#8230; Osan hiuksista ovat salamat piirt\u00e4neet ter\u00e4v\u00e4n\u00e4 etupuolelta ja osa hiuksista on piirtyneet pehme\u00e4n\u00e4 puolen sekunnin valotusajan ansiosta.<\/figcaption><\/figure>\n\n\n\n<p>Puretaan t\u00e4t\u00e4 asiaa\/kuvaa tarkemmin huomenna <a rel=\"noreferrer noopener\" aria-label=\"YouTube-kanavallamme (avautuu uudessa v\u00e4lilehdess\u00e4)\" href=\"https:\/\/www.youtube.com\/channel\/UCowa231BZkBg8_2_a5_Q6RQ\" target=\"_blank\">YouTube-kanavallamme<\/a>. <\/p>\n\n\n\n<p>T\u00e4m\u00e4 kuva on otettu jo viime vuoden puolella, joten #tb&#8230;<\/p>\n","protected":false},"excerpt":{"rendered":"<p>Tarkoitan t\u00e4ss\u00e4 yhteydess\u00e4 monivalotuksella sit\u00e4, ett\u00e4 eri osat kuva-alasta valotetaan eri aikaan tai eri ajalla. Itse tein vuosituhannen vaihteessa aiheesta Valokuvaajan Erikoisammattitutkinnon ja tuolloin monia asioita tehtiin ja kannattikin tehd\u00e4 liven\u00e4. Nyky\u00e4\u00e4n Photoshopilla voi j\u00e4ljitell\u00e4 t\u00e4llaista lopputulosta aika hyvin, joten &hellip; <a href=\"https:\/\/jaskamerakauppa.fi\/blogi\/jotain-pienta-monivalotuksesta\/\">Lue loppuun <span class=\"meta-nav\">&rarr;<\/span><\/a><\/p>\n","protected":false},"author":3,"featured_media":0,"comment_status":"closed","ping_status":"open","sticky":false,"template":"","format":"standard","meta":{"footnotes":""},"categories":[1,221],"tags":[97,2,3,4,93,101,94,99,100,92,102,86,98,96,95],"class_list":["post-840","post","type-post","status-publish","format-standard","hentry","category-kaikki","category-valokuvaus-ja-valaisudemoja","tag-alusasu","tag-jas","tag-jaskamerakauppa","tag-jastekniikka","tag-keltainen","tag-makeup","tag-malli","tag-meikki","tag-meikkikuva","tag-monivalotus","tag-muah","tag-muotokuva","tag-puolikuva","tag-studio","tag-valotus"],"_links":{"self":[{"href":"https:\/\/jaskamerakauppa.fi\/blogi\/wp-json\/wp\/v2\/posts\/840","targetHints":{"allow":["GET"]}}],"collection":[{"href":"https:\/\/jaskamerakauppa.fi\/blogi\/wp-json\/wp\/v2\/posts"}],"about":[{"href":"https:\/\/jaskamerakauppa.fi\/blogi\/wp-json\/wp\/v2\/types\/post"}],"author":[{"embeddable":true,"href":"https:\/\/jaskamerakauppa.fi\/blogi\/wp-json\/wp\/v2\/users\/3"}],"replies":[{"embeddable":true,"href":"https:\/\/jaskamerakauppa.fi\/blogi\/wp-json\/wp\/v2\/comments?post=840"}],"version-history":[{"count":5,"href":"https:\/\/jaskamerakauppa.fi\/blogi\/wp-json\/wp\/v2\/posts\/840\/revisions"}],"predecessor-version":[{"id":895,"href":"https:\/\/jaskamerakauppa.fi\/blogi\/wp-json\/wp\/v2\/posts\/840\/revisions\/895"}],"wp:attachment":[{"href":"https:\/\/jaskamerakauppa.fi\/blogi\/wp-json\/wp\/v2\/media?parent=840"}],"wp:term":[{"taxonomy":"category","embeddable":true,"href":"https:\/\/jaskamerakauppa.fi\/blogi\/wp-json\/wp\/v2\/categories?post=840"},{"taxonomy":"post_tag","embeddable":true,"href":"https:\/\/jaskamerakauppa.fi\/blogi\/wp-json\/wp\/v2\/tags?post=840"}],"curies":[{"name":"wp","href":"https:\/\/api.w.org\/{rel}","templated":true}]}}