{"id":762,"date":"2020-05-26T09:36:42","date_gmt":"2020-05-26T07:36:42","guid":{"rendered":"https:\/\/jaskamerakauppa.fi\/blogi\/?p=762"},"modified":"2023-10-16T14:27:35","modified_gmt":"2023-10-16T12:27:35","slug":"mustia-siipia","status":"publish","type":"post","link":"https:\/\/jaskamerakauppa.fi\/blogi\/mustia-siipia\/","title":{"rendered":"Mustia siipi\u00e4&#8230;"},"content":{"rendered":"\n<p><strong>Rekvisiitan k\u00e4yt\u00f6st\u00e4 olen montaa mielt\u00e4. Jos koko vaatetusta, kuvauspaikkaa, k\u00e4sittely\u00e4 ja kaikkea muutakin ei vied\u00e4 tarpeeksi pitk\u00e4lle, on riski, ett\u00e4 yksitt\u00e4iseksi j\u00e4\u00e4nyt rekvisiittaa j\u00e4\u00e4 ehk\u00e4p\u00e4 vaisuksi tai jopa luonnottomaksi. Mutta silloin kun rekvisiitta on aitoa ja sopii mallin asusteisiin, niin rekvisiitta voi hyvinkin vahvistaa kuvan viesti\u00e4.<\/strong><\/p>\n\n\n\n<p>Kuvasin <a rel=\"noreferrer noopener\" aria-label=\"Bella von Woflkill (avautuu uudessa v\u00e4lilehdess\u00e4)\" href=\"https:\/\/www.instagram.com\/bella_von_wolfkill\/\" target=\"_blank\">Bella von Woflkill<\/a>in <a href=\"http:\/\/www.vvi.fi\" target=\"_blank\" rel=\"noreferrer noopener\" aria-label=\"Visuaaliviestinn\u00e4n Instituutti VVI Oy (avautuu uudessa v\u00e4lilehdess\u00e4)\">Visuaaliviestinn\u00e4n Instituutti VVI Oy<\/a>:ll\u00e4. Tosin tiloilta ei tarvittu mit\u00e4\u00e4n ihmeellist\u00e4, taustana oli k\u00e4yt\u00f6ss\u00e4 valkoinen sein\u00e4 joka k\u00e4sittelyss\u00e4 katosi kokonaan. Bella on burleskitaiteilija ja h\u00e4nell\u00e4 oli mukana esiintymisasujaan, joten n\u00e4ytt\u00e4vyys oli kunnossa. Innostuin mustista siivist\u00e4, joiden &#8221;karvat&#8221; sai helposti piirretty\u00e4 esiin kovalla valolla.<\/p>\n\n\n\n<figure class=\"wp-block-image\"><img loading=\"lazy\" decoding=\"async\" width=\"1534\" height=\"1024\" src=\"https:\/\/jaskamerakauppa.fi\/blogi\/wp-content\/uploads\/2020\/05\/4291_evo5_rajattu_pieni-1534x1024.jpg\" alt=\"\" class=\"wp-image-763\" srcset=\"https:\/\/jaskamerakauppa.fi\/blogi\/wp-content\/uploads\/2020\/05\/4291_evo5_rajattu_pieni-1534x1024.jpg 1534w, https:\/\/jaskamerakauppa.fi\/blogi\/wp-content\/uploads\/2020\/05\/4291_evo5_rajattu_pieni-300x200.jpg 300w, https:\/\/jaskamerakauppa.fi\/blogi\/wp-content\/uploads\/2020\/05\/4291_evo5_rajattu_pieni-768x513.jpg 768w, https:\/\/jaskamerakauppa.fi\/blogi\/wp-content\/uploads\/2020\/05\/4291_evo5_rajattu_pieni-449x300.jpg 449w, https:\/\/jaskamerakauppa.fi\/blogi\/wp-content\/uploads\/2020\/05\/4291_evo5_rajattu_pieni.jpg 2000w\" sizes=\"auto, (max-width: 1534px) 100vw, 1534px\" \/><\/figure>\n\n\n\n<p>Huomenna t\u00e4m\u00e4n kuvan tekemisest\u00e4 l\u00f6ytyy enemm\u00e4n YouTube-kavavallamme, jonne p\u00e4\u00e4set <a href=\"https:\/\/www.youtube.com\/channel\/UCowa231BZkBg8_2_a5_Q6RQ\" target=\"_blank\" rel=\"noreferrer noopener\" aria-label=\"t\u00e4st\u00e4 (avautuu uudessa v\u00e4lilehdess\u00e4)\">t\u00e4st\u00e4<\/a>.<\/p>\n","protected":false},"excerpt":{"rendered":"<p>Rekvisiitan k\u00e4yt\u00f6st\u00e4 olen montaa mielt\u00e4. Jos koko vaatetusta, kuvauspaikkaa, k\u00e4sittely\u00e4 ja kaikkea muutakin ei vied\u00e4 tarpeeksi pitk\u00e4lle, on riski, ett\u00e4 yksitt\u00e4iseksi j\u00e4\u00e4nyt rekvisiittaa j\u00e4\u00e4 ehk\u00e4p\u00e4 vaisuksi tai jopa luonnottomaksi. Mutta silloin kun rekvisiitta on aitoa ja sopii mallin asusteisiin, niin &hellip; <a href=\"https:\/\/jaskamerakauppa.fi\/blogi\/mustia-siipia\/\">Lue loppuun <span class=\"meta-nav\">&rarr;<\/span><\/a><\/p>\n","protected":false},"author":3,"featured_media":0,"comment_status":"closed","ping_status":"open","sticky":false,"template":"","format":"standard","meta":{"footnotes":""},"categories":[1,221],"tags":[84,82,2,3,4,5,12,83,10,11],"class_list":["post-762","post","type-post","status-publish","format-standard","hentry","category-kaikki","category-valokuvaus-ja-valaisudemoja","tag-akkusalama","tag-burleski","tag-jas","tag-jaskamerakauppa","tag-jastekniikka","tag-jinbei","tag-kamera","tag-salama","tag-valokuva","tag-valokuvaus"],"_links":{"self":[{"href":"https:\/\/jaskamerakauppa.fi\/blogi\/wp-json\/wp\/v2\/posts\/762","targetHints":{"allow":["GET"]}}],"collection":[{"href":"https:\/\/jaskamerakauppa.fi\/blogi\/wp-json\/wp\/v2\/posts"}],"about":[{"href":"https:\/\/jaskamerakauppa.fi\/blogi\/wp-json\/wp\/v2\/types\/post"}],"author":[{"embeddable":true,"href":"https:\/\/jaskamerakauppa.fi\/blogi\/wp-json\/wp\/v2\/users\/3"}],"replies":[{"embeddable":true,"href":"https:\/\/jaskamerakauppa.fi\/blogi\/wp-json\/wp\/v2\/comments?post=762"}],"version-history":[{"count":3,"href":"https:\/\/jaskamerakauppa.fi\/blogi\/wp-json\/wp\/v2\/posts\/762\/revisions"}],"predecessor-version":[{"id":766,"href":"https:\/\/jaskamerakauppa.fi\/blogi\/wp-json\/wp\/v2\/posts\/762\/revisions\/766"}],"wp:attachment":[{"href":"https:\/\/jaskamerakauppa.fi\/blogi\/wp-json\/wp\/v2\/media?parent=762"}],"wp:term":[{"taxonomy":"category","embeddable":true,"href":"https:\/\/jaskamerakauppa.fi\/blogi\/wp-json\/wp\/v2\/categories?post=762"},{"taxonomy":"post_tag","embeddable":true,"href":"https:\/\/jaskamerakauppa.fi\/blogi\/wp-json\/wp\/v2\/tags?post=762"}],"curies":[{"name":"wp","href":"https:\/\/api.w.org\/{rel}","templated":true}]}}