{"id":731,"date":"2020-04-20T10:17:04","date_gmt":"2020-04-20T08:17:04","guid":{"rendered":"https:\/\/jaskamerakauppa.fi\/blogi\/?p=731"},"modified":"2023-10-16T14:31:41","modified_gmt":"2023-10-16T12:31:41","slug":"kolme-salamaa-kaytossa","status":"publish","type":"post","link":"https:\/\/jaskamerakauppa.fi\/blogi\/kolme-salamaa-kaytossa\/","title":{"rendered":"Kolme salamaa k\u00e4yt\u00f6ss\u00e4&#8230;"},"content":{"rendered":"\n<p><strong>Huomenna julkaistaan taas uutta matskua <a rel=\"noreferrer noopener\" aria-label=\"YouTube-kanava (avautuu uudessa v\u00e4lilehdess\u00e4)\" href=\"https:\/\/www.youtube.com\/channel\/UCowa231BZkBg8_2_a5_Q6RQ\" target=\"_blank\">YouTube-kanava<\/a>llamme, mutta t\u00e4ss\u00e4 jo pient\u00e4 esimakua tulevasta&#8230;<\/strong><\/p>\n\n\n\n<p>T\u00e4m\u00e4n kuvan valaisu on hoidettu kolmella <a rel=\"noreferrer noopener\" aria-label=\"Jinbein DM-3 (avautuu uudessa v\u00e4lilehdess\u00e4)\" href=\"https:\/\/www.jaskamerakauppa.fi\/fi\/kamerakauppa\/5787-jinbei-dm-5-studiosalamalaite.html\" target=\"_blank\">Jinbein DM-3<\/a> salamalla. Kahdella on piirretty takaviistosta hunajakennoilla \u00e4\u00e4riviivat malliin ja pieni irroitus varjopuolen poskeen. P\u00e4\u00e4valo tulee kuvan vasemmalta puolelta sateenvarjosta ja kuvan oikealla puolella on valkoinen heijastin tasoittamassa mallin varjopuolta.<\/p>\n\n\n\n<figure class=\"wp-block-image\"><img loading=\"lazy\" decoding=\"async\" width=\"1534\" height=\"1024\" src=\"https:\/\/jaskamerakauppa.fi\/blogi\/wp-content\/uploads\/2020\/04\/3_4117LOGO_pieni-1534x1024.jpg\" alt=\"\" class=\"wp-image-732\" srcset=\"https:\/\/jaskamerakauppa.fi\/blogi\/wp-content\/uploads\/2020\/04\/3_4117LOGO_pieni-1534x1024.jpg 1534w, https:\/\/jaskamerakauppa.fi\/blogi\/wp-content\/uploads\/2020\/04\/3_4117LOGO_pieni-300x200.jpg 300w, https:\/\/jaskamerakauppa.fi\/blogi\/wp-content\/uploads\/2020\/04\/3_4117LOGO_pieni-768x513.jpg 768w, https:\/\/jaskamerakauppa.fi\/blogi\/wp-content\/uploads\/2020\/04\/3_4117LOGO_pieni-449x300.jpg 449w, https:\/\/jaskamerakauppa.fi\/blogi\/wp-content\/uploads\/2020\/04\/3_4117LOGO_pieni.jpg 2000w\" sizes=\"auto, (max-width: 1534px) 100vw, 1534px\" \/><figcaption>Kiitos malli <a href=\"https:\/\/www.instagram.com\/hannalehi\/\" target=\"_blank\" rel=\"noreferrer noopener\" aria-label=\"Hanna Lehikoinen (avautuu uudessa v\u00e4lilehdess\u00e4)\">Hanna Lehikoinen<\/a> ja <a rel=\"noreferrer noopener\" aria-label=\"Visuaaliviestinn\u00e4n Instituutti VVI Oy (avautuu uudessa v\u00e4lilehdess\u00e4)\" href=\"http:\/\/www.vvi.fi\" target=\"_blank\">Visuaaliviestinn\u00e4n Instituutti VVI Oy<\/a>!<\/figcaption><\/figure>\n\n\n\n<p>Tausta on jostain Budapestin kirkosta otettu lomakuva. Sen l\u00e4mpim\u00e4t s\u00e4vyt toivat automaattisesti hauskan s\u00e4vyleikin viile\u00e4mm\u00e4n v\u00e4risen mekon kanssa. <\/p>\n\n\n\n<p>T\u00e4st\u00e4 kuvasta ja muustakin l\u00f6yd\u00e4t huomenna enemm\u00e4n tarinaa YouTubesta, klikkaamalla <a rel=\"noreferrer noopener\" aria-label=\"t\u00e4h\u00e4n (avautuu uudessa v\u00e4lilehdess\u00e4)\" href=\"https:\/\/www.youtube.com\/channel\/UCowa231BZkBg8_2_a5_Q6RQ\" target=\"_blank\">t\u00e4h\u00e4n<\/a> p\u00e4\u00e4set kanavallemme!<\/p>\n","protected":false},"excerpt":{"rendered":"<p>Huomenna julkaistaan taas uutta matskua YouTube-kanavallamme, mutta t\u00e4ss\u00e4 jo pient\u00e4 esimakua tulevasta&#8230; T\u00e4m\u00e4n kuvan valaisu on hoidettu kolmella Jinbein DM-3 salamalla. Kahdella on piirretty takaviistosta hunajakennoilla \u00e4\u00e4riviivat malliin ja pieni irroitus varjopuolen poskeen. P\u00e4\u00e4valo tulee kuvan vasemmalta puolelta sateenvarjosta ja &hellip; <a href=\"https:\/\/jaskamerakauppa.fi\/blogi\/kolme-salamaa-kaytossa\/\">Lue loppuun <span class=\"meta-nav\">&rarr;<\/span><\/a><\/p>\n","protected":false},"author":3,"featured_media":0,"comment_status":"closed","ping_status":"open","sticky":false,"template":"","format":"standard","meta":{"footnotes":""},"categories":[1,221],"tags":[2,3,4,5],"class_list":["post-731","post","type-post","status-publish","format-standard","hentry","category-kaikki","category-valokuvaus-ja-valaisudemoja","tag-jas","tag-jaskamerakauppa","tag-jastekniikka","tag-jinbei"],"_links":{"self":[{"href":"https:\/\/jaskamerakauppa.fi\/blogi\/wp-json\/wp\/v2\/posts\/731","targetHints":{"allow":["GET"]}}],"collection":[{"href":"https:\/\/jaskamerakauppa.fi\/blogi\/wp-json\/wp\/v2\/posts"}],"about":[{"href":"https:\/\/jaskamerakauppa.fi\/blogi\/wp-json\/wp\/v2\/types\/post"}],"author":[{"embeddable":true,"href":"https:\/\/jaskamerakauppa.fi\/blogi\/wp-json\/wp\/v2\/users\/3"}],"replies":[{"embeddable":true,"href":"https:\/\/jaskamerakauppa.fi\/blogi\/wp-json\/wp\/v2\/comments?post=731"}],"version-history":[{"count":3,"href":"https:\/\/jaskamerakauppa.fi\/blogi\/wp-json\/wp\/v2\/posts\/731\/revisions"}],"predecessor-version":[{"id":736,"href":"https:\/\/jaskamerakauppa.fi\/blogi\/wp-json\/wp\/v2\/posts\/731\/revisions\/736"}],"wp:attachment":[{"href":"https:\/\/jaskamerakauppa.fi\/blogi\/wp-json\/wp\/v2\/media?parent=731"}],"wp:term":[{"taxonomy":"category","embeddable":true,"href":"https:\/\/jaskamerakauppa.fi\/blogi\/wp-json\/wp\/v2\/categories?post=731"},{"taxonomy":"post_tag","embeddable":true,"href":"https:\/\/jaskamerakauppa.fi\/blogi\/wp-json\/wp\/v2\/tags?post=731"}],"curies":[{"name":"wp","href":"https:\/\/api.w.org\/{rel}","templated":true}]}}