{"id":649,"date":"2020-02-24T16:48:58","date_gmt":"2020-02-24T14:48:58","guid":{"rendered":"https:\/\/jaskamerakauppa.fi\/blogi\/?p=649"},"modified":"2020-02-24T16:48:58","modified_gmt":"2020-02-24T14:48:58","slug":"messuja-kohti","status":"publish","type":"post","link":"https:\/\/jaskamerakauppa.fi\/blogi\/messuja-kohti\/","title":{"rendered":"Messuja kohti&#8230;"},"content":{"rendered":"\n<p><strong>Viel\u00e4 arvotaan 20 kpl lippuja messuille. Pist\u00e4 maili osoitteeseen tapahtumat@jastekniikka.fi ja ilmoittaudu mukaan kisaan.<\/strong><\/p>\n\n\n\n<p>Arvontoja piisaa my\u00f6s messuilla, siell\u00e4 arvotaan 100 euron lahjakortti. Ja silloin kerrotaan my\u00f6s, mit\u00e4 tarkoittaa JAS Premium Selected -laitteet. Ja vierailijoita osastollamme riitt\u00e4\u00e4, esim perjantaina on paikalla sek\u00e4 Nikonin ja Canonin asiantuntijat. Jinbeill\u00e4 valaistuista KUN HYMY EI RIIT\u00c4 -n\u00e4yttelykuvistaan kertoo Krister p\u00e4\u00e4lavalla perjantaina klo 12.30 ja lauantaina klo 11.30. Vintagelaitteita on mukana pakettiautollinen, hienoja Ona ja Peak Design laukkuja paljon, passikuvia otetaan liven\u00e4 ja luvassa on paljon ihan kaikenlaista messuhumua. Siisp\u00e4 tervetuloa messuille!!!<\/p>\n","protected":false},"excerpt":{"rendered":"<p>Viel\u00e4 arvotaan 20 kpl lippuja messuille. Pist\u00e4 maili osoitteeseen tapahtumat@jastekniikka.fi ja ilmoittaudu mukaan kisaan. Arvontoja piisaa my\u00f6s messuilla, siell\u00e4 arvotaan 100 euron lahjakortti. Ja silloin kerrotaan my\u00f6s, mit\u00e4 tarkoittaa JAS Premium Selected -laitteet. Ja vierailijoita osastollamme riitt\u00e4\u00e4, esim perjantaina on &hellip; <a href=\"https:\/\/jaskamerakauppa.fi\/blogi\/messuja-kohti\/\">Lue loppuun <span class=\"meta-nav\">&rarr;<\/span><\/a><\/p>\n","protected":false},"author":2,"featured_media":0,"comment_status":"closed","ping_status":"open","sticky":false,"template":"","format":"standard","meta":{"footnotes":""},"categories":[1],"tags":[],"class_list":["post-649","post","type-post","status-publish","format-standard","hentry","category-kaikki"],"_links":{"self":[{"href":"https:\/\/jaskamerakauppa.fi\/blogi\/wp-json\/wp\/v2\/posts\/649","targetHints":{"allow":["GET"]}}],"collection":[{"href":"https:\/\/jaskamerakauppa.fi\/blogi\/wp-json\/wp\/v2\/posts"}],"about":[{"href":"https:\/\/jaskamerakauppa.fi\/blogi\/wp-json\/wp\/v2\/types\/post"}],"author":[{"embeddable":true,"href":"https:\/\/jaskamerakauppa.fi\/blogi\/wp-json\/wp\/v2\/users\/2"}],"replies":[{"embeddable":true,"href":"https:\/\/jaskamerakauppa.fi\/blogi\/wp-json\/wp\/v2\/comments?post=649"}],"version-history":[{"count":1,"href":"https:\/\/jaskamerakauppa.fi\/blogi\/wp-json\/wp\/v2\/posts\/649\/revisions"}],"predecessor-version":[{"id":650,"href":"https:\/\/jaskamerakauppa.fi\/blogi\/wp-json\/wp\/v2\/posts\/649\/revisions\/650"}],"wp:attachment":[{"href":"https:\/\/jaskamerakauppa.fi\/blogi\/wp-json\/wp\/v2\/media?parent=649"}],"wp:term":[{"taxonomy":"category","embeddable":true,"href":"https:\/\/jaskamerakauppa.fi\/blogi\/wp-json\/wp\/v2\/categories?post=649"},{"taxonomy":"post_tag","embeddable":true,"href":"https:\/\/jaskamerakauppa.fi\/blogi\/wp-json\/wp\/v2\/tags?post=649"}],"curies":[{"name":"wp","href":"https:\/\/api.w.org\/{rel}","templated":true}]}}