{"id":646,"date":"2020-02-21T09:49:38","date_gmt":"2020-02-21T07:49:38","guid":{"rendered":"https:\/\/jaskamerakauppa.fi\/blogi\/?p=646"},"modified":"2020-02-21T09:49:38","modified_gmt":"2020-02-21T07:49:38","slug":"arvomme-messulippuja","status":"publish","type":"post","link":"https:\/\/jaskamerakauppa.fi\/blogi\/arvomme-messulippuja\/","title":{"rendered":"ARVOMME MESSULIPPUJA"},"content":{"rendered":"\n<p>Koska Facebook tulkitsi viime julkaisumme roskapostiksi, arvotaan lippuja sitten toisin. L\u00e4het\u00e4 teksti &#8221;mukana arvonnassa&#8221; osoitteeseen tapahtumat@jastekniikka.fi, niin olet mukana kilpailussa, jossa arvotaan maanantaina 24.2.2020 20 kpl lippuja Kuva ja \u00c4\u00e4ni -messuille. Voittajille ilmoitetaan ja toimitetaan liput paluumailiss\u00e4.<\/p>\n\n\n\n<p>Onnea arvontaan ja hyv\u00e4\u00e4 viikonloppua!<\/p>\n","protected":false},"excerpt":{"rendered":"<p>Koska Facebook tulkitsi viime julkaisumme roskapostiksi, arvotaan lippuja sitten toisin. L\u00e4het\u00e4 teksti &#8221;mukana arvonnassa&#8221; osoitteeseen tapahtumat@jastekniikka.fi, niin olet mukana kilpailussa, jossa arvotaan maanantaina 24.2.2020 20 kpl lippuja Kuva ja \u00c4\u00e4ni -messuille. Voittajille ilmoitetaan ja toimitetaan liput paluumailiss\u00e4. Onnea arvontaan ja &hellip; <a href=\"https:\/\/jaskamerakauppa.fi\/blogi\/arvomme-messulippuja\/\">Lue loppuun <span class=\"meta-nav\">&rarr;<\/span><\/a><\/p>\n","protected":false},"author":3,"featured_media":0,"comment_status":"closed","ping_status":"open","sticky":false,"template":"","format":"standard","meta":{"footnotes":""},"categories":[1],"tags":[],"class_list":["post-646","post","type-post","status-publish","format-standard","hentry","category-kaikki"],"_links":{"self":[{"href":"https:\/\/jaskamerakauppa.fi\/blogi\/wp-json\/wp\/v2\/posts\/646","targetHints":{"allow":["GET"]}}],"collection":[{"href":"https:\/\/jaskamerakauppa.fi\/blogi\/wp-json\/wp\/v2\/posts"}],"about":[{"href":"https:\/\/jaskamerakauppa.fi\/blogi\/wp-json\/wp\/v2\/types\/post"}],"author":[{"embeddable":true,"href":"https:\/\/jaskamerakauppa.fi\/blogi\/wp-json\/wp\/v2\/users\/3"}],"replies":[{"embeddable":true,"href":"https:\/\/jaskamerakauppa.fi\/blogi\/wp-json\/wp\/v2\/comments?post=646"}],"version-history":[{"count":2,"href":"https:\/\/jaskamerakauppa.fi\/blogi\/wp-json\/wp\/v2\/posts\/646\/revisions"}],"predecessor-version":[{"id":648,"href":"https:\/\/jaskamerakauppa.fi\/blogi\/wp-json\/wp\/v2\/posts\/646\/revisions\/648"}],"wp:attachment":[{"href":"https:\/\/jaskamerakauppa.fi\/blogi\/wp-json\/wp\/v2\/media?parent=646"}],"wp:term":[{"taxonomy":"category","embeddable":true,"href":"https:\/\/jaskamerakauppa.fi\/blogi\/wp-json\/wp\/v2\/categories?post=646"},{"taxonomy":"post_tag","embeddable":true,"href":"https:\/\/jaskamerakauppa.fi\/blogi\/wp-json\/wp\/v2\/tags?post=646"}],"curies":[{"name":"wp","href":"https:\/\/api.w.org\/{rel}","templated":true}]}}