{"id":639,"date":"2020-02-17T09:37:10","date_gmt":"2020-02-17T07:37:10","guid":{"rendered":"https:\/\/jaskamerakauppa.fi\/blogi\/?p=639"},"modified":"2023-10-16T14:35:07","modified_gmt":"2023-10-16T12:35:07","slug":"kuvan-vaalein-kohta","status":"publish","type":"post","link":"https:\/\/jaskamerakauppa.fi\/blogi\/kuvan-vaalein-kohta\/","title":{"rendered":"Kuvan vaalein kohta&#8230;"},"content":{"rendered":"\n<p>T\u00e4ss\u00e4p\u00e4 yksi kuva esimerkkin\u00e4 siit\u00e4, ett\u00e4 ihmissilm\u00e4 ohjautuu kuvaa katsottaessa kuvan vaaleimpaan kohtaan. Muotokuvassa kasvojen vaaleutta voi huomiopisteen\u00e4 korostaa viel\u00e4 vaikkapa kiilt\u00e4v\u00e4ll\u00e4 meikill\u00e4 ja sill\u00e4, ett\u00e4 pit\u00e4\u00e4 koko muun s\u00e4vymaailman keskim\u00e4\u00e4r\u00e4ist\u00e4 tummempana. Simppeli\u00e4 ja toimivaa&#8230;<\/p>\n\n\n\n<figure class=\"wp-block-image\"><img loading=\"lazy\" decoding=\"async\" width=\"1024\" height=\"1024\" src=\"https:\/\/jaskamerakauppa.fi\/blogi\/wp-content\/uploads\/2020\/02\/Marianna3244evo2_sensuroitu_pieni-1024x1024.jpg\" alt=\"\" class=\"wp-image-640\" srcset=\"https:\/\/jaskamerakauppa.fi\/blogi\/wp-content\/uploads\/2020\/02\/Marianna3244evo2_sensuroitu_pieni-1024x1024.jpg 1024w, https:\/\/jaskamerakauppa.fi\/blogi\/wp-content\/uploads\/2020\/02\/Marianna3244evo2_sensuroitu_pieni-150x150.jpg 150w, https:\/\/jaskamerakauppa.fi\/blogi\/wp-content\/uploads\/2020\/02\/Marianna3244evo2_sensuroitu_pieni-300x300.jpg 300w, https:\/\/jaskamerakauppa.fi\/blogi\/wp-content\/uploads\/2020\/02\/Marianna3244evo2_sensuroitu_pieni-768x768.jpg 768w, https:\/\/jaskamerakauppa.fi\/blogi\/wp-content\/uploads\/2020\/02\/Marianna3244evo2_sensuroitu_pieni.jpg 2000w\" sizes=\"auto, (max-width: 1024px) 100vw, 1024px\" \/><figcaption>Malli on <a rel=\"noreferrer noopener\" aria-label=\"Mary the red ruby (avautuu uudessa v\u00e4lilehdess\u00e4)\" href=\"https:\/\/www.instagram.com\/maryredruby\/\" target=\"_blank\">Mary the red ruby <\/a> ja meikkaaja on <a href=\"https:\/\/www.instagram.com\/elinakglitter\/\" target=\"_blank\" rel=\"noreferrer noopener\" aria-label=\"ElinaK (avautuu uudessa v\u00e4lilehdess\u00e4)\">ElinaK<\/a>.<\/figcaption><\/figure>\n\n\n\n<p> <\/p>\n","protected":false},"excerpt":{"rendered":"<p>T\u00e4ss\u00e4p\u00e4 yksi kuva esimerkkin\u00e4 siit\u00e4, ett\u00e4 ihmissilm\u00e4 ohjautuu kuvaa katsottaessa kuvan vaaleimpaan kohtaan. Muotokuvassa kasvojen vaaleutta voi huomiopisteen\u00e4 korostaa viel\u00e4 vaikkapa kiilt\u00e4v\u00e4ll\u00e4 meikill\u00e4 ja sill\u00e4, ett\u00e4 pit\u00e4\u00e4 koko muun s\u00e4vymaailman keskim\u00e4\u00e4r\u00e4ist\u00e4 tummempana. Simppeli\u00e4 ja toimivaa&#8230;<\/p>\n","protected":false},"author":3,"featured_media":0,"comment_status":"closed","ping_status":"open","sticky":false,"template":"","format":"standard","meta":{"footnotes":""},"categories":[1,221],"tags":[],"class_list":["post-639","post","type-post","status-publish","format-standard","hentry","category-kaikki","category-valokuvaus-ja-valaisudemoja"],"_links":{"self":[{"href":"https:\/\/jaskamerakauppa.fi\/blogi\/wp-json\/wp\/v2\/posts\/639","targetHints":{"allow":["GET"]}}],"collection":[{"href":"https:\/\/jaskamerakauppa.fi\/blogi\/wp-json\/wp\/v2\/posts"}],"about":[{"href":"https:\/\/jaskamerakauppa.fi\/blogi\/wp-json\/wp\/v2\/types\/post"}],"author":[{"embeddable":true,"href":"https:\/\/jaskamerakauppa.fi\/blogi\/wp-json\/wp\/v2\/users\/3"}],"replies":[{"embeddable":true,"href":"https:\/\/jaskamerakauppa.fi\/blogi\/wp-json\/wp\/v2\/comments?post=639"}],"version-history":[{"count":2,"href":"https:\/\/jaskamerakauppa.fi\/blogi\/wp-json\/wp\/v2\/posts\/639\/revisions"}],"predecessor-version":[{"id":642,"href":"https:\/\/jaskamerakauppa.fi\/blogi\/wp-json\/wp\/v2\/posts\/639\/revisions\/642"}],"wp:attachment":[{"href":"https:\/\/jaskamerakauppa.fi\/blogi\/wp-json\/wp\/v2\/media?parent=639"}],"wp:term":[{"taxonomy":"category","embeddable":true,"href":"https:\/\/jaskamerakauppa.fi\/blogi\/wp-json\/wp\/v2\/categories?post=639"},{"taxonomy":"post_tag","embeddable":true,"href":"https:\/\/jaskamerakauppa.fi\/blogi\/wp-json\/wp\/v2\/tags?post=639"}],"curies":[{"name":"wp","href":"https:\/\/api.w.org\/{rel}","templated":true}]}}