{"id":633,"date":"2020-02-10T09:31:45","date_gmt":"2020-02-10T07:31:45","guid":{"rendered":"https:\/\/jaskamerakauppa.fi\/blogi\/?p=633"},"modified":"2023-10-16T14:57:09","modified_gmt":"2023-10-16T12:57:09","slug":"katsomisen-arvoisia-nayttelyita-messukeskuksessa-28-2-1-3","status":"publish","type":"post","link":"https:\/\/jaskamerakauppa.fi\/blogi\/katsomisen-arvoisia-nayttelyita-messukeskuksessa-28-2-1-3\/","title":{"rendered":"Katsomisen arvoisia n\u00e4yttelyit\u00e4 Messukeskuksessa 28.2.-1.3."},"content":{"rendered":"\n<p><strong>T\u00e4n\u00e4 vuonna Kuva ja Kamera -messut ovat nimelt\u00e4\u00e4n Kuva ja \u00c4\u00e4ni. T\u00e4m\u00e4 johtuu siit\u00e4, ett\u00e4 videokuvauksen lis\u00e4\u00e4nnytty\u00e4 syntyy automaattisesti tarve my\u00f6s \u00e4\u00e4nen ikuistamiseen. Mutta t\u00e4ss\u00e4 ei puhuta siit\u00e4, vaan muutama sana messujen valokuvan\u00e4yttelyist\u00e4 on paikallaan.<\/strong><\/p>\n\n\n\n<p>Aina messuilla on ollut monipuolista ja laadukasta ohjelmaa. Mutta t\u00e4ll\u00e4 kertaa n\u00e4yttelyt ovat todella korkealla tasolla. Niinp\u00e4 en maltakaan olla v\u00e4h\u00e4n hehkuttamasta tarjontaa jo etuk\u00e4teen. Eli mm t\u00e4llaisia kokonaisuuksia on n\u00e4ht\u00e4v\u00e4n\u00e4:<\/p>\n\n\n\n<h2 class=\"wp-block-heading\"><strong>Shining Strength \u2013&nbsp;<\/strong>Kauneus kuuluu kaikille &#8211; MITJA KORTEPURO<\/h2>\n\n\n\n<p>Shining Strength on kuvasarja, jonka p\u00e4\u00e4osassa ovat sy\u00f6p\u00e4\u00e4n sairastuneet naiset ja heid\u00e4n arpensa. Me n\u00e4emme itsemme usein eri tavalla kuin muut ihmiset ymp\u00e4rill\u00e4mme. Kun itse n\u00e4kee vain arvet ihossa, muut n\u00e4kev\u00e4t voimakkaan taistelijan. Arvet ovat merkkej\u00e4 voimasta ja k\u00e4ydyst\u00e4 kamppailusta sy\u00f6p\u00e4tauteja vastaan. Jokainen nainen haluaa n\u00e4ytt\u00e4\u00e4 hyv\u00e4lt\u00e4 ja on t\u00e4rke\u00e4\u00e4, ett\u00e4 jokainen voi tuntea itsens\u00e4 kauniiksi sairaudesta huolimatta. Projektin tarkoituksena onkin auttaa naisia n\u00e4kem\u00e4\u00e4n itsens\u00e4 uusin silmin sek\u00e4 lis\u00e4t\u00e4 tietoutta erilaisista sy\u00f6p\u00e4sairauksista.<\/p>\n\n\n\n<p><em>Meikki, hiukset ja vartalokorut: Meikkitaiteilija ElinaK \/ Meikkistudio ElinaK<\/em><\/p>\n\n\n\n<h2 class=\"wp-block-heading\"><strong>N\u00e4kymi\u00e4 mielen maisemista &#8211; SUVI SIEVIL\u00c4<\/strong><\/h2>\n\n\n\n<p>Suvi Sievil\u00e4 n\u00e4yttelyn inspiraationa toimivat mielensis\u00e4iset maisemat \u2013 tunteet ja ajatukset, jotka eiv\u00e4t n\u00e4y ulosp\u00e4in. Erilaiset tunnetilat ovat olleet vahva inspiraation l\u00e4hde Suvin kuviin. Tunteet piirtyv\u00e4t kuviin usein erilaisten kuvitteellisten hahmojen ja tarinoiden kautta. Ihmisen sis\u00e4inen maailma, k\u00e4ytt\u00e4ytyminen, tulkintojen moninaisuus ja symboliikka ovat kiehtoneet Suvia, joka on aina tahtonut ymm\u00e4rt\u00e4\u00e4 ihmismielt\u00e4.<\/p>\n\n\n\n<p><strong>Plastic Waters &#8211; MARKUS ASPEGREN<\/strong><\/p>\n\n\n\n<p>Meriin p\u00e4\u00e4tyy vuosittain 6,4\u20138 miljoonaa tonnia j\u00e4tett\u00e4, josta suurin osa on muovia. Arviolta muovin m\u00e4\u00e4r\u00e4 on 80% kaikista vesist\u00f6ihin p\u00e4\u00e4tyneist\u00e4 roskista. Esimerkiksi Tyynenmeren keskelle kulkeutunut valtava muoviroskapy\u00f6rre kattaa jo kolmen Ranskan laajuisen alueen. Roskaantuminen aiheuttaa haitallisiamuutoksia vesist\u00f6jen ekosysteemeihin. Samoihin vesiin joista kalastamme ruokamme ja saamme juomavetemme p\u00e4\u00e4tyy suuria m\u00e4\u00e4ri\u00e4 roskia ja teollisuuden j\u00e4tteit\u00e4. Plastic Waters kuvien hahmot ovat kuvitteellisia vesist\u00f6jen kansalaisia. Kuvat kertovat heid\u00e4n tarinaansa.&nbsp; Sarja on ajankuva luonnosta ja ihmisist\u00e4. Sen tarkoituksena on her\u00e4tt\u00e4\u00e4 tunteita katsojassaan ja her\u00e4tell\u00e4 ihmisi\u00e4 tekem\u00e4\u00e4n parempia valintoja toimissaan.<em> <\/em><\/p>\n\n\n\n<h2 class=\"wp-block-heading\"><strong>From Deep Waters &#8211; ONNI WILJAMI KINNUNEN<\/strong><\/h2>\n\n\n\n<p>From Deep Waters -on palkitun valokuvaaja Kinnusen (Onni Wiljami Photography) ensimm\u00e4inen kiert\u00e4v\u00e4 n\u00e4yttelykokonaisuus. N\u00e4yttelyn teema \u2013 syvist\u00e4 vesist\u00e4 \u2013 ilmentyy kuviksi sek\u00e4 suoraan, ett\u00e4 metaforisesti; teosten kautta sukelletaan surrealistisista vedenalaiskuvista mentaaliselle tasolle el\u00e4m\u00e4n ristiaallokoihin sek\u00e4 dystooppisista ymp\u00e4rist\u00f6katastrofeista musiikilliseen narratiiviin. Dramaattisissa aihepiireiss\u00e4 ja kuvissa siint\u00e4\u00e4 silti aina toivo tai pieni h\u00e4iv\u00e4hdys huumoria.<\/p>\n\n\n\n<p><strong>Tamminiemest\u00e4 M\u00e4ntyniemeen | Jussi Aallon presidenttikuvat<\/strong><\/p>\n\n\n\n<p>Jussi Aalto on kuvannut 4 presidentti\u00e4 varsin yksikertaisella, mutta paljastavalla tavalla. Kekkosen Tamminiemess\u00e4, Koiviston Presidentinlinnassa sek\u00e4 Ahtisaaren ja Halosen M\u00e4ntyniemess\u00e4. Nyt presidentit esitt\u00e4ytyv\u00e4t katsojalle luonnollisen kokoisia vedoksina.<\/p>\n\n\n\n<p>Ja onhan siell\u00e4 my\u00f6s omakin n\u00e4yttelyni:<\/p>\n\n\n\n<h2 class=\"wp-block-heading\"><strong>Kun hymy ei riit\u00e4 &#8211; KRISTER L\u00d6FROTH<\/strong><\/h2>\n\n\n\n<p>Kauneus piilee voimassa ja vallassa valita.<br>Kauneus l\u00f6ytyy vimmasta ja tunteen palosta.<br>Kauneus asuu kaarissa ja painovoiman kaadossa.<\/p>\n\n\n\n<p>N\u00e4yttely on sukellus pikkun\u00e4tin tunnelman taakse, l\u00f6yt\u00f6retki tunteiden v\u00e4litt\u00e4miseen&#8230;<\/p>\n\n\n\n<p>Joten osallistuhan facessa kilpailuumme ja voita liput messuille. Tervetuloa!<\/p>\n","protected":false},"excerpt":{"rendered":"<p>T\u00e4n\u00e4 vuonna Kuva ja Kamera -messut ovat nimelt\u00e4\u00e4n Kuva ja \u00c4\u00e4ni. T\u00e4m\u00e4 johtuu siit\u00e4, ett\u00e4 videokuvauksen lis\u00e4\u00e4nnytty\u00e4 syntyy automaattisesti tarve my\u00f6s \u00e4\u00e4nen ikuistamiseen. Mutta t\u00e4ss\u00e4 ei puhuta siit\u00e4, vaan muutama sana messujen valokuvan\u00e4yttelyist\u00e4 on paikallaan. Aina messuilla on ollut monipuolista &hellip; <a href=\"https:\/\/jaskamerakauppa.fi\/blogi\/katsomisen-arvoisia-nayttelyita-messukeskuksessa-28-2-1-3\/\">Lue loppuun <span class=\"meta-nav\">&rarr;<\/span><\/a><\/p>\n","protected":false},"author":3,"featured_media":0,"comment_status":"closed","ping_status":"open","sticky":false,"template":"","format":"standard","meta":{"footnotes":""},"categories":[1,222,224],"tags":[],"class_list":["post-633","post","type-post","status-publish","format-standard","hentry","category-kaikki","category-valokuvaajien-esittelyt","category-tapahtumat"],"_links":{"self":[{"href":"https:\/\/jaskamerakauppa.fi\/blogi\/wp-json\/wp\/v2\/posts\/633","targetHints":{"allow":["GET"]}}],"collection":[{"href":"https:\/\/jaskamerakauppa.fi\/blogi\/wp-json\/wp\/v2\/posts"}],"about":[{"href":"https:\/\/jaskamerakauppa.fi\/blogi\/wp-json\/wp\/v2\/types\/post"}],"author":[{"embeddable":true,"href":"https:\/\/jaskamerakauppa.fi\/blogi\/wp-json\/wp\/v2\/users\/3"}],"replies":[{"embeddable":true,"href":"https:\/\/jaskamerakauppa.fi\/blogi\/wp-json\/wp\/v2\/comments?post=633"}],"version-history":[{"count":6,"href":"https:\/\/jaskamerakauppa.fi\/blogi\/wp-json\/wp\/v2\/posts\/633\/revisions"}],"predecessor-version":[{"id":1147,"href":"https:\/\/jaskamerakauppa.fi\/blogi\/wp-json\/wp\/v2\/posts\/633\/revisions\/1147"}],"wp:attachment":[{"href":"https:\/\/jaskamerakauppa.fi\/blogi\/wp-json\/wp\/v2\/media?parent=633"}],"wp:term":[{"taxonomy":"category","embeddable":true,"href":"https:\/\/jaskamerakauppa.fi\/blogi\/wp-json\/wp\/v2\/categories?post=633"},{"taxonomy":"post_tag","embeddable":true,"href":"https:\/\/jaskamerakauppa.fi\/blogi\/wp-json\/wp\/v2\/tags?post=633"}],"curies":[{"name":"wp","href":"https:\/\/api.w.org\/{rel}","templated":true}]}}