{"id":595,"date":"2020-01-13T09:18:03","date_gmt":"2020-01-13T07:18:03","guid":{"rendered":"https:\/\/jaskamerakauppa.fi\/blogi\/?p=595"},"modified":"2023-10-16T14:36:53","modified_gmt":"2023-10-16T12:36:53","slug":"henkilokuntaamme-matti-ikonen","status":"publish","type":"post","link":"https:\/\/jaskamerakauppa.fi\/blogi\/henkilokuntaamme-matti-ikonen\/","title":{"rendered":"Henkil\u00f6kuntaamme: Matti Ikonen"},"content":{"rendered":"\n<p><strong>Filmiajan kameroiden myynti on lis\u00e4\u00e4ntynyt selke\u00e4sti viime vuosina, niist\u00e4 on tullut suorastaan muoti-ilmi\u00f6. Vintage osastomme otti haltuun vuonna 2016 Matti Ikonen. H\u00e4n on aina arvostanut laitteita, joilla on historiaa, laitteita joita legendat ovat k\u00e4ytt\u00e4neet ja jotka ovat muodostuneet itsekin legendoiksi.<\/strong><\/p>\n\n\n\n<p>Matti on innokas valokuvauksen harrastaja ja kuvaa otoksistaan 99% filmille. Eniten kuvia syntyy yst\u00e4vist\u00e4 ja ihmisista, vaikka my\u00f6s katu- ja maisemakuvauskin on tuttua. Ja vintageen suuntautuminen ei ulotu pelkkiin kameroihin, vaan innokas muusikko k\u00e4ytt\u00e4\u00e4 eniten 60-80 -lukujen koskettimia ja soundeja.<\/p>\n\n\n\n<p>Matin toimenkuvaan ei kuulu pelk\u00e4st\u00e4\u00e4n vanhojen laitteiden osto, myynti ja puhdistus, vaan lis\u00e4ksi hoituu koko verkkokauppamme tilausten hoitaminen, sek\u00e4 kaikenlaiset muutkin asiakaspalveluteht\u00e4v\u00e4t Turun myym\u00e4l\u00e4st\u00e4mme k\u00e4sin. Uusikin tekniikka miest\u00e4 kiinnostaa, joten varsinaisesta &#8221;laitehullusta&#8221; on kysymys. Laitteiden testaaminen ja k\u00e4ytt\u00e4minen onkin yksi ty\u00f6n parhaista puolista asiakkaiden kanssa kommunikoinnin lis\u00e4ksi, h\u00e4n kertoo.<\/p>\n\n\n\n<p><br><\/p>\n\n\n\n<figure class=\"wp-block-image\"><img loading=\"lazy\" decoding=\"async\" width=\"1024\" height=\"1024\" src=\"https:\/\/jaskamerakauppa.fi\/blogi\/wp-content\/uploads\/2020\/01\/Matti_Ikonen_pieni-1024x1024.jpg\" alt=\"\" class=\"wp-image-596\" srcset=\"https:\/\/jaskamerakauppa.fi\/blogi\/wp-content\/uploads\/2020\/01\/Matti_Ikonen_pieni-1024x1024.jpg 1024w, https:\/\/jaskamerakauppa.fi\/blogi\/wp-content\/uploads\/2020\/01\/Matti_Ikonen_pieni-150x150.jpg 150w, https:\/\/jaskamerakauppa.fi\/blogi\/wp-content\/uploads\/2020\/01\/Matti_Ikonen_pieni-300x300.jpg 300w, https:\/\/jaskamerakauppa.fi\/blogi\/wp-content\/uploads\/2020\/01\/Matti_Ikonen_pieni-768x768.jpg 768w, https:\/\/jaskamerakauppa.fi\/blogi\/wp-content\/uploads\/2020\/01\/Matti_Ikonen_pieni.jpg 1417w\" sizes=\"auto, (max-width: 1024px) 100vw, 1024px\" \/><figcaption>Vintage laitteiden ymm\u00e4rt\u00e4minen ei synny &#8221;parran pituudesta&#8221;, vaan ennemminkin intohimosta laitteisiin. <\/figcaption><\/figure>\n\n\n\n<p>Ty\u00f6kaverit eiv\u00e4t arvosta Mattia ainoastaan laiteosaamisensa ansiosta, vaan kehuja saa my\u00f6s miehen yst\u00e4v\u00e4llisyys, avuliaisuus, kohteliaisuus ja erinomainen huumorintaju. <\/p>\n","protected":false},"excerpt":{"rendered":"<p>Filmiajan kameroiden myynti on lis\u00e4\u00e4ntynyt selke\u00e4sti viime vuosina, niist\u00e4 on tullut suorastaan muoti-ilmi\u00f6. Vintage osastomme otti haltuun vuonna 2016 Matti Ikonen. H\u00e4n on aina arvostanut laitteita, joilla on historiaa, laitteita joita legendat ovat k\u00e4ytt\u00e4neet ja jotka ovat muodostuneet itsekin legendoiksi. &hellip; <a href=\"https:\/\/jaskamerakauppa.fi\/blogi\/henkilokuntaamme-matti-ikonen\/\">Lue loppuun <span class=\"meta-nav\">&rarr;<\/span><\/a><\/p>\n","protected":false},"author":2,"featured_media":0,"comment_status":"closed","ping_status":"open","sticky":false,"template":"","format":"standard","meta":{"footnotes":""},"categories":[220,1],"tags":[],"class_list":["post-595","post","type-post","status-publish","format-standard","hentry","category-henkilokuntamme","category-kaikki"],"_links":{"self":[{"href":"https:\/\/jaskamerakauppa.fi\/blogi\/wp-json\/wp\/v2\/posts\/595","targetHints":{"allow":["GET"]}}],"collection":[{"href":"https:\/\/jaskamerakauppa.fi\/blogi\/wp-json\/wp\/v2\/posts"}],"about":[{"href":"https:\/\/jaskamerakauppa.fi\/blogi\/wp-json\/wp\/v2\/types\/post"}],"author":[{"embeddable":true,"href":"https:\/\/jaskamerakauppa.fi\/blogi\/wp-json\/wp\/v2\/users\/2"}],"replies":[{"embeddable":true,"href":"https:\/\/jaskamerakauppa.fi\/blogi\/wp-json\/wp\/v2\/comments?post=595"}],"version-history":[{"count":2,"href":"https:\/\/jaskamerakauppa.fi\/blogi\/wp-json\/wp\/v2\/posts\/595\/revisions"}],"predecessor-version":[{"id":598,"href":"https:\/\/jaskamerakauppa.fi\/blogi\/wp-json\/wp\/v2\/posts\/595\/revisions\/598"}],"wp:attachment":[{"href":"https:\/\/jaskamerakauppa.fi\/blogi\/wp-json\/wp\/v2\/media?parent=595"}],"wp:term":[{"taxonomy":"category","embeddable":true,"href":"https:\/\/jaskamerakauppa.fi\/blogi\/wp-json\/wp\/v2\/categories?post=595"},{"taxonomy":"post_tag","embeddable":true,"href":"https:\/\/jaskamerakauppa.fi\/blogi\/wp-json\/wp\/v2\/tags?post=595"}],"curies":[{"name":"wp","href":"https:\/\/api.w.org\/{rel}","templated":true}]}}