{"id":44,"date":"2019-05-06T10:50:08","date_gmt":"2019-05-06T08:50:08","guid":{"rendered":"https:\/\/jaskamerakauppa.fi\/blogi\/?p=44"},"modified":"2023-10-16T14:51:43","modified_gmt":"2023-10-16T12:51:43","slug":"tummaa-tummalta-ja-vahan-jaateloakin","status":"publish","type":"post","link":"https:\/\/jaskamerakauppa.fi\/blogi\/tummaa-tummalta-ja-vahan-jaateloakin\/","title":{"rendered":"TUMMAA TUMMALTA JA V\u00c4H\u00c4N J\u00c4\u00c4TEL\u00d6\u00c4KIN"},"content":{"rendered":"\n<h2 class=\"wp-block-heading\">En koskaan lakkaa ihmettelem\u00e4st\u00e4, kuinka erilaisia kuvia voi ottaa samasta ihmisest\u00e4 samassa paikassa samalla valaisulla. T\u00e4ss\u00e4p\u00e4 esimerkki aiheesta&#8230;<\/h2>\n\n\n\n<p>Valitattavasti t\u00e4ll\u00e4 kertaa studio oli sen verran pieni, ettei <a href=\"https:\/\/www.facebook.com\/Nitashadow\/\" target=\"_blank\" rel=\"noreferrer noopener\" aria-label=\"Nita Saarenp\u00e4\u00e4 (avautuu uudessa v\u00e4lilehdess\u00e4)\">Nita Saarenp\u00e4\u00e4<\/a> voinut tuoda mukanaan tankoa. H\u00e4n nimitt\u00e4in on sen v\u00e4lineen taitaja. Noh, keskityimme t\u00e4ll\u00e4 kertaa ihan muuhun kuin painovoiman uhmaamiseen.<\/p>\n\n\n\n<p>Vilkastaanpa aluksi jotain ep\u00e4tavallisen mustaa&#8230; Tummat vaatteet, joissa pitsit ja leikkaukset toivat struktuuria, toimivat hyvin yksityiskohtien luomisessa. K\u00e4yt\u00e4nn\u00f6ss\u00e4 koko vaatteiden alalle tein alueellisia vaalennuksia pitsien ja kankaan taitosten reunoihin, kuten my\u00f6s hatun kukkienkin muotoihin. <a rel=\"noreferrer noopener\" aria-label=\"Shadow (avautuu uudessa v\u00e4lilehdess\u00e4)\" href=\"https:\/\/www.instagram.com\/shadowmodel87\/\" target=\"_blank\">Shadow<\/a>n poskien voimakkaalla takavalaisulla l\u00e4hdin hakemaan aavistuksen p\u00e4\u00e4kalloa muistuttavaa muotoa kasvoihin. Pid\u00e4n kielt\u00e4m\u00e4tt\u00e4 leikist\u00e4, jossa kasvot j\u00e4tet\u00e4\u00e4n tavallisuudesta poiketen reilusti tummiksi&#8230;<\/p>\n\n\n\n<figure class=\"wp-block-image\"><img loading=\"lazy\" decoding=\"async\" width=\"1024\" height=\"1024\" src=\"https:\/\/jaskamerakauppa.fi\/blogi\/wp-content\/uploads\/2019\/04\/Touko_19_Nita_studiollaPIENI-1024x1024.jpg\" alt=\"\" class=\"wp-image-45\" srcset=\"https:\/\/jaskamerakauppa.fi\/blogi\/wp-content\/uploads\/2019\/04\/Touko_19_Nita_studiollaPIENI-1024x1024.jpg 1024w, https:\/\/jaskamerakauppa.fi\/blogi\/wp-content\/uploads\/2019\/04\/Touko_19_Nita_studiollaPIENI-150x150.jpg 150w, https:\/\/jaskamerakauppa.fi\/blogi\/wp-content\/uploads\/2019\/04\/Touko_19_Nita_studiollaPIENI-300x300.jpg 300w, https:\/\/jaskamerakauppa.fi\/blogi\/wp-content\/uploads\/2019\/04\/Touko_19_Nita_studiollaPIENI-768x768.jpg 768w, https:\/\/jaskamerakauppa.fi\/blogi\/wp-content\/uploads\/2019\/04\/Touko_19_Nita_studiollaPIENI.jpg 1417w\" sizes=\"auto, (max-width: 1024px) 100vw, 1024px\" \/><figcaption>Takaa voimakkailla\/kovilla valoilla \u00e4\u00e4riviivaa piirrett\u00e4ess\u00e4 kannattaa olla todella tarkka valotuksen suhteen. Kun haluaa tummaan viel\u00e4 s\u00e4vy\u00e4, muttei halua vaaleaa ihoa puhki, on pelivarat aika pienet. Onneksi RAW pelastaa yleens\u00e4 n\u00e4m\u00e4 v\u00e4lill\u00e4 hankalat tilanteet.<\/figcaption><\/figure>\n\n\n\n<p>T\u00e4ss\u00e4 valaisukaavio ylh\u00e4\u00e4lt\u00e4 p\u00e4in. Tasoittavana valona oli 140 cm halkaisijaltaan oleva octa, kaikki muu valo tuli malliin metallisen kuupan kautta. P\u00e4\u00e4valo tuli suoraan mallin p\u00e4\u00e4lt\u00e4, joten kasvojen asennolla pystyi saamaan kasvot joko valoon tai varjoon.<\/p>\n\n\n\n<figure class=\"wp-block-image\"><img loading=\"lazy\" decoding=\"async\" width=\"724\" height=\"1024\" src=\"https:\/\/jaskamerakauppa.fi\/blogi\/wp-content\/uploads\/2019\/04\/Nita_kaavio_pieni-724x1024.jpg\" alt=\"\" class=\"wp-image-47\" srcset=\"https:\/\/jaskamerakauppa.fi\/blogi\/wp-content\/uploads\/2019\/04\/Nita_kaavio_pieni-724x1024.jpg 724w, https:\/\/jaskamerakauppa.fi\/blogi\/wp-content\/uploads\/2019\/04\/Nita_kaavio_pieni-212x300.jpg 212w, https:\/\/jaskamerakauppa.fi\/blogi\/wp-content\/uploads\/2019\/04\/Nita_kaavio_pieni-768x1087.jpg 768w, https:\/\/jaskamerakauppa.fi\/blogi\/wp-content\/uploads\/2019\/04\/Nita_kaavio_pieni.jpg 1252w\" sizes=\"auto, (max-width: 724px) 100vw, 724px\" \/><figcaption>Mit\u00e4 isompi tasoittava salama on, sit\u00e4 helpompaa on kuvattaessa siin\u00e4 mieless\u00e4, ettei mahdollinen valon edess\u00e4 steppaaminen vaikuta kovinkaan paljoa salama tehoon. Pienell\u00e4 salamalla tasoitettaessa kun voi herk\u00e4sti k\u00e4yd\u00e4 niin, ett\u00e4 itse saattaa peitt\u00e4\u00e4 isohkon osan valon pinta-alasta saaden n\u00e4in mallin varjopuolen tummumaan turhankin paljon.<\/figcaption><\/figure>\n\n\n\n<p>Kaikki k\u00e4ytetyt salamat ovat Jinbei HD-601 -akkusalamoita, kamerana oli Nikon D800 &amp; objektiivin\u00e4 85mm f1.4.<\/p>\n\n\n\n<p>Low key nimityksell\u00e4 ymm\u00e4rret\u00e4\u00e4n v\u00e4lill\u00e4 kovin erilaisiakin asioita. Toki kaikki ovat yht\u00e4 mielt\u00e4 siit\u00e4, ett\u00e4 kirjaimellisesti kyseess\u00e4 on alas\u00e4vykuva, mutta kuvan &#8221;hengest\u00e4&#8221; on eri mielipiteit\u00e4. Itse pid\u00e4n selke\u00e4n\u00e4 asiana sit\u00e4, ett\u00e4 low key:ss\u00e4 tummasta maailmasta kaivetaan pienet vaaleat alueet irti nimen omaan kovilla valoilla. Eli oman k\u00e4sitykseni mukaan pehmeill\u00e4 valoilla ei voi tehd\u00e4 kuvaa, joka t\u00e4ytt\u00e4isi alas\u00e4vykuvan hengen, vaikka faktisesti kyseess\u00e4 olisikin kuva, jossa valtaosa pinta-alasta on todella tummaa.<\/p>\n\n\n\n<p><\/p>\n\n\n\n<figure class=\"wp-block-image\"><img loading=\"lazy\" decoding=\"async\" width=\"1024\" height=\"755\" src=\"https:\/\/jaskamerakauppa.fi\/blogi\/wp-content\/uploads\/2019\/04\/nita_levels-1-1024x755.jpg\" alt=\"\" class=\"wp-image-51\" srcset=\"https:\/\/jaskamerakauppa.fi\/blogi\/wp-content\/uploads\/2019\/04\/nita_levels-1-1024x755.jpg 1024w, https:\/\/jaskamerakauppa.fi\/blogi\/wp-content\/uploads\/2019\/04\/nita_levels-1-300x221.jpg 300w, https:\/\/jaskamerakauppa.fi\/blogi\/wp-content\/uploads\/2019\/04\/nita_levels-1-768x566.jpg 768w, https:\/\/jaskamerakauppa.fi\/blogi\/wp-content\/uploads\/2019\/04\/nita_levels-1-407x300.jpg 407w\" sizes=\"auto, (max-width: 1024px) 100vw, 1024px\" \/><figcaption>T\u00e4lt\u00e4h\u00e4n tuo low key -kuvan histogrammi voi n\u00e4ytt\u00e4\u00e4&#8230;<\/figcaption><\/figure>\n\n\n\n<p><br><\/p>\n\n\n\n<p>Ja sitten viel\u00e4 se toisen tyylinen kuva, vaikka &#8221;kaikki&#8221; onkin samoin kuin tuossa ylemm\u00e4ss\u00e4.<\/p>\n\n\n\n<p>Nyt kasvojen kulma on sen verran yl\u00f6sp\u00e4in suuntautunut, ett\u00e4 huomion kiinnittyminen osuu hyvinkin kasvoihin. Kovilla valoilla irrottelu on t\u00e4ysin samankaltainen kuin tummassakin kuvassa. T\u00e4m\u00e4n kuvan ty\u00f6nimi sit\u00e4 tehdess\u00e4 oli &#8221;superj\u00e4\u00e4tel\u00f6&#8221;&#8230; <\/p>\n\n\n\n<figure class=\"wp-block-image\"><img decoding=\"async\" src=\"https:\/\/jaskamerakauppa.fi\/blogi\/wp-content\/uploads\/2019\/04\/Nita550-2pieni_logollaPIENI-684x1024.jpg\" alt=\"\" class=\"wp-image-46\"\/><figcaption>T\u00e4ss\u00e4 kuvassa ei vy\u00f6t\u00e4r\u00f6nlinjaa ollut tarvetta sliipata tai kaventaa&#8230; <\/figcaption><\/figure>\n\n\n\n<p>Niinp\u00e4 siis melkeinp\u00e4 mit\u00e4\u00e4n muuttamatta syntyi pastellia ja rankkaa tummaa. On hyv\u00e4, jos saa v\u00e4ltetty\u00e4 sit\u00e4, ett\u00e4 samalla kerralla samasta mallista syntyy kuvia, jotka ovat l\u00e4hinn\u00e4 toistensa kopioita. Niin tulee k\u00e4yty\u00e4 aina v\u00e4lill\u00e4 itsellenikin. Nyt kun kuvaan kaiken akkusalamoilla, joissa ei ole piuhoja lainkaan, tuntuu asialla olevan isohko helpottava merkitys my\u00f6s studiossa, vaikken n\u00e4in etuk\u00e4teen ajatellut edes olevan. Mutta k\u00e4yd\u00e4\u00e4np\u00e4 itse noita fl\u00e4ssej\u00e4 l\u00e4pi tarkemmin tulevaisuudessa.<\/p>\n\n\n\n<p>Niinp\u00e4 siis t\u00e4lt\u00e4 er\u00e4\u00e4 kiitokset, palataan ensi maanantaina blogiin&#8230;<\/p>\n\n\n\n<p>Krister L\u00f6froth<\/p>\n","protected":false},"excerpt":{"rendered":"<p>En koskaan lakkaa ihmettelem\u00e4st\u00e4, kuinka erilaisia kuvia voi ottaa samasta ihmisest\u00e4 samassa paikassa samalla valaisulla. T\u00e4ss\u00e4p\u00e4 esimerkki aiheesta&#8230; Valitattavasti t\u00e4ll\u00e4 kertaa studio oli sen verran pieni, ettei Nita Saarenp\u00e4\u00e4 voinut tuoda mukanaan tankoa. H\u00e4n nimitt\u00e4in on sen v\u00e4lineen taitaja. Noh, &hellip; <a href=\"https:\/\/jaskamerakauppa.fi\/blogi\/tummaa-tummalta-ja-vahan-jaateloakin\/\">Lue loppuun <span class=\"meta-nav\">&rarr;<\/span><\/a><\/p>\n","protected":false},"author":2,"featured_media":0,"comment_status":"open","ping_status":"open","sticky":false,"template":"","format":"standard","meta":{"footnotes":""},"categories":[1,221],"tags":[16,2,3,4,5,15],"class_list":["post-44","post","type-post","status-publish","format-standard","hentry","category-kaikki","category-valokuvaus-ja-valaisudemoja","tag-aperdude","tag-jas","tag-jaskamerakauppa","tag-jastekniikka","tag-jinbei","tag-mqep"],"_links":{"self":[{"href":"https:\/\/jaskamerakauppa.fi\/blogi\/wp-json\/wp\/v2\/posts\/44","targetHints":{"allow":["GET"]}}],"collection":[{"href":"https:\/\/jaskamerakauppa.fi\/blogi\/wp-json\/wp\/v2\/posts"}],"about":[{"href":"https:\/\/jaskamerakauppa.fi\/blogi\/wp-json\/wp\/v2\/types\/post"}],"author":[{"embeddable":true,"href":"https:\/\/jaskamerakauppa.fi\/blogi\/wp-json\/wp\/v2\/users\/2"}],"replies":[{"embeddable":true,"href":"https:\/\/jaskamerakauppa.fi\/blogi\/wp-json\/wp\/v2\/comments?post=44"}],"version-history":[{"count":14,"href":"https:\/\/jaskamerakauppa.fi\/blogi\/wp-json\/wp\/v2\/posts\/44\/revisions"}],"predecessor-version":[{"id":63,"href":"https:\/\/jaskamerakauppa.fi\/blogi\/wp-json\/wp\/v2\/posts\/44\/revisions\/63"}],"wp:attachment":[{"href":"https:\/\/jaskamerakauppa.fi\/blogi\/wp-json\/wp\/v2\/media?parent=44"}],"wp:term":[{"taxonomy":"category","embeddable":true,"href":"https:\/\/jaskamerakauppa.fi\/blogi\/wp-json\/wp\/v2\/categories?post=44"},{"taxonomy":"post_tag","embeddable":true,"href":"https:\/\/jaskamerakauppa.fi\/blogi\/wp-json\/wp\/v2\/tags?post=44"}],"curies":[{"name":"wp","href":"https:\/\/api.w.org\/{rel}","templated":true}]}}