{"id":329,"date":"2019-09-02T08:22:46","date_gmt":"2019-09-02T06:22:46","guid":{"rendered":"https:\/\/jaskamerakauppa.fi\/blogi\/?p=329"},"modified":"2023-10-16T14:46:08","modified_gmt":"2023-10-16T12:46:08","slug":"fototour","status":"publish","type":"post","link":"https:\/\/jaskamerakauppa.fi\/blogi\/fototour\/","title":{"rendered":"FOTOTOUR"},"content":{"rendered":"\n<p><strong>Sami Eskonlahden kanssa olemme miettineet jo jonkin aikaa j\u00e4rjest\u00e4v\u00e4mme sellaisia tilaisuuksia, joiden avulla voisimme tarjota kuvaajille k\u00e4yt\u00e4nn\u00f6nl\u00e4heisi\u00e4 vinkkej\u00e4 kaikenlaiseen tekemiseen, ihan jopa laitteiden hankinnasta, aina valmiiden kuvatuotteiden tekemiseen asti. Niinp\u00e4 <a rel=\"noreferrer noopener\" aria-label=\"Interfoto (avautuu uudessa v\u00e4lilehdess\u00e4)\" href=\"https:\/\/www.interfoto.fi\" target=\"_blank\">Interfoto<\/a>n ja <a href=\"https:\/\/www.jaskamerakauppa.fi\/en\/\" target=\"_blank\" rel=\"noreferrer noopener\" aria-label=\"JAS Kamerakaupan (avautuu uudessa v\u00e4lilehdess\u00e4)\">JAS Kamerakaupan<\/a> yhteisty\u00f6 poikikin Fototour nimisen kurssisarjan. Fototourin nettisivuille p\u00e4\u00e4set <a rel=\"noreferrer noopener\" aria-label=\"t\u00e4st\u00e4 (avautuu uudessa v\u00e4lilehdess\u00e4)\" href=\"https:\/\/fototour.fi\" target=\"_blank\">t\u00e4st\u00e4<\/a>.<\/strong><\/p>\n\n\n\n<p>Fototour nimen alla tarjotaan monenlaista ohjelmaa eri paikkakunnilla. Ensimm\u00e4inen tilaisuus oli viime viikon maanantaina 26.8 Tampereella <a rel=\"noreferrer noopener\" aria-label=\"Visuaaliviestinn\u00e4n Instituutti VVI Oy (avautuu uudessa v\u00e4lilehdess\u00e4)\" href=\"http:\/\/www.vvi.fi\" target=\"_blank\">Visuaaliviestinn\u00e4n Instituutti VVI Oy<\/a>:ss\u00e4. Tilaisuuden idea oli se, ett\u00e4 <a rel=\"noreferrer noopener\" aria-label=\"Mitja Kortepuro (avautuu uudessa v\u00e4lilehdess\u00e4)\" href=\"http:\/\/www.mitjakortepuro.fi\" target=\"_blank\">Mitja Kortepuro<\/a>n ja meik\u00e4l\u00e4isen demokuvauksista sek\u00e4 k\u00e4sitell\u00e4\u00e4n, ett\u00e4 Samin toimesta printataan ja pohjustetaan valmiita kuvia. T\u00e4m\u00e4n tekemisen lis\u00e4ksi samalla pidettiin pienet messut, joissa esill\u00e4 oli mm Epsonin, Koy Labin, Hahnem\u00fchlen, Nikonin, Canonin, DJI:n ja Jinbein tuotteita. Jos satuit vilkaisemaan facebook-sivujamme, niin n\u00e4itkin jo v\u00e4h\u00e4n videonp\u00e4tk\u00e4\u00e4 tapahtuneesta. Tilaisuus oli menestys, paikat t\u00e4yttyiv\u00e4t todella pian ja meit\u00e4 olikin melkein 50 henkil\u00f6\u00e4 paikalla. Ja vaikka olenkin j\u00e4\u00e4vi, totean silti, ett\u00e4 ilmapiiri oli l\u00e4heisen toimiva. Pipo ei kirist\u00e4nyt kenell\u00e4k\u00e4\u00e4n.<\/p>\n\n\n\n<p>Seuraava Fototourin tilaisuus pidet\u00e4\u00e4n 10.9 klo 17-20 Helsingiss\u00e4, Interfotolla osoitteessa Vellamonkatu 30 B. Ohjelma py\u00f6rii <a href=\"http:\/\/suvisievila.com\" target=\"_blank\" rel=\"noreferrer noopener\" aria-label=\"Suvi Sievil\u00e4 (avautuu uudessa v\u00e4lilehdess\u00e4)\">Suvi Sievil\u00e4<\/a>n l\u00f6yd\u00f6ist\u00e4 luovuuden ymp\u00e4rilt\u00e4. Itse olen avoimen innostunut kuulemaan Suvin ajatuksia aiheesta. T\u00e4ss\u00e4 v\u00e4h\u00e4n tarkemmin&#8230;<\/p>\n\n\n\n<figure class=\"wp-block-image\"><img loading=\"lazy\" decoding=\"async\" width=\"724\" height=\"1024\" src=\"https:\/\/jaskamerakauppa.fi\/blogi\/wp-content\/uploads\/2019\/08\/ILMO_SIEVILA_10092019_pieni-1-724x1024.jpg\" alt=\"\" class=\"wp-image-333\" srcset=\"https:\/\/jaskamerakauppa.fi\/blogi\/wp-content\/uploads\/2019\/08\/ILMO_SIEVILA_10092019_pieni-1-724x1024.jpg 724w, https:\/\/jaskamerakauppa.fi\/blogi\/wp-content\/uploads\/2019\/08\/ILMO_SIEVILA_10092019_pieni-1-212x300.jpg 212w, https:\/\/jaskamerakauppa.fi\/blogi\/wp-content\/uploads\/2019\/08\/ILMO_SIEVILA_10092019_pieni-1-768x1086.jpg 768w, https:\/\/jaskamerakauppa.fi\/blogi\/wp-content\/uploads\/2019\/08\/ILMO_SIEVILA_10092019_pieni-1.jpg 1002w\" sizes=\"auto, (max-width: 724px) 100vw, 724px\" \/><figcaption>Otahan ja ilmoittaudu&#8230;<\/figcaption><\/figure>\n\n\n\n<p>Palataan sitten viel\u00e4 viime maanantaihin ja Tampereelle. Laitan my\u00f6hemmin omia tekemisi\u00e4ni esille, mutta otetaanpa oheen Mitjan pari kuvaa. N\u00e4m\u00e4 kuvat on siis otettu ja k\u00e4sitelty yleis\u00f6n katsellessa vierest\u00e4.<\/p>\n\n\n\n<figure class=\"wp-block-image\"><img loading=\"lazy\" decoding=\"async\" width=\"1024\" height=\"1024\" src=\"https:\/\/jaskamerakauppa.fi\/blogi\/wp-content\/uploads\/2019\/08\/some_fototour2019PIENI-1024x1024.jpg\" alt=\"\" class=\"wp-image-335\" srcset=\"https:\/\/jaskamerakauppa.fi\/blogi\/wp-content\/uploads\/2019\/08\/some_fototour2019PIENI-1024x1024.jpg 1024w, https:\/\/jaskamerakauppa.fi\/blogi\/wp-content\/uploads\/2019\/08\/some_fototour2019PIENI-150x150.jpg 150w, https:\/\/jaskamerakauppa.fi\/blogi\/wp-content\/uploads\/2019\/08\/some_fototour2019PIENI-300x300.jpg 300w, https:\/\/jaskamerakauppa.fi\/blogi\/wp-content\/uploads\/2019\/08\/some_fototour2019PIENI-768x768.jpg 768w, https:\/\/jaskamerakauppa.fi\/blogi\/wp-content\/uploads\/2019\/08\/some_fototour2019PIENI.jpg 1134w\" sizes=\"auto, (max-width: 1024px) 100vw, 1024px\" \/><figcaption>Keskelt\u00e4 ylh\u00e4\u00e4lt\u00e4 tuli metrisest\u00e4 teltasta p\u00e4\u00e4valo, kameran takana oli halkaisijaltaan 140cm teltta. Takaviistosta kummaltakin puolelta tuli piirto 25x100cm stripeist\u00e4. K\u00e4yt\u00f6ss\u00e4 oli Jinbein HD-601 akkusalamat ja kaikissa teltoissa oli gridit.<\/figcaption><\/figure>\n\n\n\n<p><br><\/p>\n\n\n\n<figure class=\"wp-block-image\"><img loading=\"lazy\" decoding=\"async\" width=\"1024\" height=\"1024\" src=\"https:\/\/jaskamerakauppa.fi\/blogi\/wp-content\/uploads\/2019\/08\/VVI_Fototour_2019-051PIENI-1024x1024.jpg\" alt=\"\" class=\"wp-image-336\" srcset=\"https:\/\/jaskamerakauppa.fi\/blogi\/wp-content\/uploads\/2019\/08\/VVI_Fototour_2019-051PIENI-1024x1024.jpg 1024w, https:\/\/jaskamerakauppa.fi\/blogi\/wp-content\/uploads\/2019\/08\/VVI_Fototour_2019-051PIENI-150x150.jpg 150w, https:\/\/jaskamerakauppa.fi\/blogi\/wp-content\/uploads\/2019\/08\/VVI_Fototour_2019-051PIENI-300x300.jpg 300w, https:\/\/jaskamerakauppa.fi\/blogi\/wp-content\/uploads\/2019\/08\/VVI_Fototour_2019-051PIENI-768x768.jpg 768w, https:\/\/jaskamerakauppa.fi\/blogi\/wp-content\/uploads\/2019\/08\/VVI_Fototour_2019-051PIENI.jpg 1134w\" sizes=\"auto, (max-width: 1024px) 100vw, 1024px\" \/><figcaption>Mallin heitt\u00e4ytymiskyky tai sen puute n\u00e4kyy aina kuvassa. <a href=\"https:\/\/www.instagram.com\/jeannedemone\/\" target=\"_blank\" rel=\"noreferrer noopener\" aria-label=\"@jeannedemone (avautuu uudessa v\u00e4lilehdess\u00e4)\">@jeannedemone<\/a> on aina menossa mukana&#8230;<\/figcaption><\/figure>\n\n\n\n<p>Oli hienoa n\u00e4hd\u00e4 Mitjan ja Samin kyky tehd\u00e4 kaikki asiat samoin yleis\u00f6n edess\u00e4, kuin rauhassa yksin omissa tiloissa. Aito tilanne vaan on niin paljon kertovampi yleis\u00f6n edess\u00e4. <\/p>\n\n\n\n<p>Katsotaan, minne kaikkialla ja millaisten tilaisuuksien kanssa viel\u00e4 ehdit\u00e4\u00e4nkin&#8230;<\/p>\n\n\n\n<p>Krister <\/p>\n","protected":false},"excerpt":{"rendered":"<p>Sami Eskonlahden kanssa olemme miettineet jo jonkin aikaa j\u00e4rjest\u00e4v\u00e4mme sellaisia tilaisuuksia, joiden avulla voisimme tarjota kuvaajille k\u00e4yt\u00e4nn\u00f6nl\u00e4heisi\u00e4 vinkkej\u00e4 kaikenlaiseen tekemiseen, ihan jopa laitteiden hankinnasta, aina valmiiden kuvatuotteiden tekemiseen asti. Niinp\u00e4 Interfoton ja JAS Kamerakaupan yhteisty\u00f6 poikikin Fototour nimisen kurssisarjan. Fototourin &hellip; <a href=\"https:\/\/jaskamerakauppa.fi\/blogi\/fototour\/\">Lue loppuun <span class=\"meta-nav\">&rarr;<\/span><\/a><\/p>\n","protected":false},"author":3,"featured_media":0,"comment_status":"open","ping_status":"open","sticky":false,"template":"","format":"standard","meta":{"footnotes":""},"categories":[1,224],"tags":[],"class_list":["post-329","post","type-post","status-publish","format-standard","hentry","category-kaikki","category-tapahtumat"],"_links":{"self":[{"href":"https:\/\/jaskamerakauppa.fi\/blogi\/wp-json\/wp\/v2\/posts\/329","targetHints":{"allow":["GET"]}}],"collection":[{"href":"https:\/\/jaskamerakauppa.fi\/blogi\/wp-json\/wp\/v2\/posts"}],"about":[{"href":"https:\/\/jaskamerakauppa.fi\/blogi\/wp-json\/wp\/v2\/types\/post"}],"author":[{"embeddable":true,"href":"https:\/\/jaskamerakauppa.fi\/blogi\/wp-json\/wp\/v2\/users\/3"}],"replies":[{"embeddable":true,"href":"https:\/\/jaskamerakauppa.fi\/blogi\/wp-json\/wp\/v2\/comments?post=329"}],"version-history":[{"count":11,"href":"https:\/\/jaskamerakauppa.fi\/blogi\/wp-json\/wp\/v2\/posts\/329\/revisions"}],"predecessor-version":[{"id":352,"href":"https:\/\/jaskamerakauppa.fi\/blogi\/wp-json\/wp\/v2\/posts\/329\/revisions\/352"}],"wp:attachment":[{"href":"https:\/\/jaskamerakauppa.fi\/blogi\/wp-json\/wp\/v2\/media?parent=329"}],"wp:term":[{"taxonomy":"category","embeddable":true,"href":"https:\/\/jaskamerakauppa.fi\/blogi\/wp-json\/wp\/v2\/categories?post=329"},{"taxonomy":"post_tag","embeddable":true,"href":"https:\/\/jaskamerakauppa.fi\/blogi\/wp-json\/wp\/v2\/tags?post=329"}],"curies":[{"name":"wp","href":"https:\/\/api.w.org\/{rel}","templated":true}]}}