{"id":298,"date":"2019-10-07T10:25:56","date_gmt":"2019-10-07T08:25:56","guid":{"rendered":"https:\/\/jaskamerakauppa.fi\/blogi\/?p=298"},"modified":"2023-10-16T14:42:51","modified_gmt":"2023-10-16T12:42:51","slug":"lisaa-matskua-tampereen-fototourilta","status":"publish","type":"post","link":"https:\/\/jaskamerakauppa.fi\/blogi\/lisaa-matskua-tampereen-fototourilta\/","title":{"rendered":"LIS\u00c4\u00c4 MATSKUA TAMPEREEN FOTOTOURILTA"},"content":{"rendered":"\n<p><strong>Aiemmin tuli aiheeseen liittyen kerrottua yleisist\u00e4 asioista ja muiden tekemisist\u00e4. Pistet\u00e4\u00e4s t\u00e4h\u00e4n jotain omistakin puuhista tarkemmin&#8230;<\/strong><\/p>\n\n\n\n<p>Itse tein demossa kaksi asiaa. Ensin tein esimerkkivalaisun samasta mallista samoilla vaatteilla samassa kohdassa pehme\u00e4ll\u00e4 ja kovalla valolla. N\u00e4in p\u00e4\u00e4see vertaamaan ilmapiirin eroja kesken\u00e4\u00e4n. Ja toisekseen tein pikak\u00e4sittelyn heitt\u00e4m\u00e4ll\u00e4 mallin valmiina odottavaan taustaan.<\/p>\n\n\n\n<p>Kielt\u00e4m\u00e4tt\u00e4 on oikeastaan kuumottavan j\u00e4nnitt\u00e4v\u00e4\u00e4 tehd\u00e4 kuvaamisia &#8221;kelloa vastaan&#8221;. Onneksi olen ollut usein tilanteissa, jossa aikaa on k\u00e4ytett\u00e4viss\u00e4 vain tietty, muiden m\u00e4\u00e4rittelem\u00e4 minuuttim\u00e4\u00e4r\u00e4. Nyt t\u00e4ss\u00e4 kuvauksessa minulla oli puoli tuntia aikaa kuvata n\u00e4m\u00e4 mainitut kuvat ja puoli tuntia aikaa k\u00e4sittelyyn, ennen kuin kuvat esitin.<\/p>\n\n\n\n<p>Menn\u00e4\u00e4n ensin pehme\u00e4n ja kovan valon kuvien vertailuun. Pehme\u00e4 valo oli rakennettu niin, ett\u00e4 p\u00e4\u00e4valo tuli mallin yl\u00e4puolelta metrisest\u00e4 teltasta, tasoittava valo tuli 140cm octasta ja takairroitukset kummaltakin puolelta tuli 25x100cm stripeist\u00e4. Kovan valon kuvassa valaisukulmat ja -paikat olivat samoja, vain p\u00e4\u00e4valon muokkain vaihtui 40cm beauty dishiin hunajakennolla ja taustairroituksiin k\u00e4ytin normikuupia hunajakennoilla. Tasoittavassa salamassa oli t\u00e4ss\u00e4kin tapauksessa kiinni 140cm octa.<\/p>\n\n\n\n<figure class=\"wp-block-image\"><img loading=\"lazy\" decoding=\"async\" width=\"1024\" height=\"512\" src=\"https:\/\/jaskamerakauppa.fi\/blogi\/wp-content\/uploads\/2019\/09\/FT_VVI_pehmeakova_pieni-2-1024x512.jpg\" alt=\"\" class=\"wp-image-396\" srcset=\"https:\/\/jaskamerakauppa.fi\/blogi\/wp-content\/uploads\/2019\/09\/FT_VVI_pehmeakova_pieni-2-1024x512.jpg 1024w, https:\/\/jaskamerakauppa.fi\/blogi\/wp-content\/uploads\/2019\/09\/FT_VVI_pehmeakova_pieni-2-300x150.jpg 300w, https:\/\/jaskamerakauppa.fi\/blogi\/wp-content\/uploads\/2019\/09\/FT_VVI_pehmeakova_pieni-2-768x384.jpg 768w, https:\/\/jaskamerakauppa.fi\/blogi\/wp-content\/uploads\/2019\/09\/FT_VVI_pehmeakova_pieni-2-500x250.jpg 500w, https:\/\/jaskamerakauppa.fi\/blogi\/wp-content\/uploads\/2019\/09\/FT_VVI_pehmeakova_pieni-2.jpg 1417w\" sizes=\"auto, (max-width: 1024px) 100vw, 1024px\" \/><figcaption>N\u00e4m\u00e4 kuvat ovat siis t\u00e4ysin k\u00e4sittelem\u00e4tt\u00f6mi\u00e4. Vasemman, pehme\u00e4mm\u00e4n valaisun rauhallisuus erottuu melkoisen selke\u00e4sti oikean puolimmaisen kuvan raaemmasta piirt\u00e4vyydest\u00e4. N\u00e4ist\u00e4 mallikuvista ei n\u00e4e sit\u00e4, kuin kovempi metallin kautta heijastettu valo tuo esiin materiaalin struktuuria. Sen kaltaiset erot n\u00e4kee k\u00e4yt\u00e4nn\u00f6ss\u00e4 hyvin printatuista suurennoksista.<br><\/figcaption><\/figure>\n\n\n\n<p>Normaalisti toki viel\u00e4 kuvan k\u00e4sittelyss\u00e4 voimistettaisiin valaisun tyyli\u00e4 ja vaikutelmaa.  Mutta t\u00e4llainen vertailu, jossa tosiaan ei olla tehty kuvalle mit\u00e4\u00e4n, on rehellisempi eron n\u00e4kemisen kannalta.<\/p>\n\n\n\n<figure class=\"wp-block-image\"><img loading=\"lazy\" decoding=\"async\" width=\"1024\" height=\"512\" src=\"https:\/\/jaskamerakauppa.fi\/blogi\/wp-content\/uploads\/2019\/09\/FT_VVI_pehmeakovaAAAA-1024x512.jpg\" alt=\"\" class=\"wp-image-390\" srcset=\"https:\/\/jaskamerakauppa.fi\/blogi\/wp-content\/uploads\/2019\/09\/FT_VVI_pehmeakovaAAAA-1024x512.jpg 1024w, https:\/\/jaskamerakauppa.fi\/blogi\/wp-content\/uploads\/2019\/09\/FT_VVI_pehmeakovaAAAA-300x150.jpg 300w, https:\/\/jaskamerakauppa.fi\/blogi\/wp-content\/uploads\/2019\/09\/FT_VVI_pehmeakovaAAAA-768x384.jpg 768w, https:\/\/jaskamerakauppa.fi\/blogi\/wp-content\/uploads\/2019\/09\/FT_VVI_pehmeakovaAAAA-500x250.jpg 500w, https:\/\/jaskamerakauppa.fi\/blogi\/wp-content\/uploads\/2019\/09\/FT_VVI_pehmeakovaAAAA.jpg 1535w\" sizes=\"auto, (max-width: 1024px) 100vw, 1024px\" \/><figcaption>Kasvoissa ja sulissa huomaa rauhallisemmat ja kauniimmat s\u00e4vyleikit, oikealla oleva piirt\u00e4v\u00e4mpi valo luo rankemman vaikutelman.<\/figcaption><\/figure>\n\n\n\n<p>Eli ei pehme\u00e4 ja kova valo muuta kuvaa t\u00e4ysin toiseksi, mutta selke\u00e4n eron ilmapiiriss\u00e4 se luo. Kuva on kuitenkin aina kokonaisuus, joten asento, ilme, asut, rekviisiitta, k\u00e4sittely ja kaikki muukin kannattaa viel\u00e4 samaan suuntaan valaisutyylin kanssa.<\/p>\n\n\n\n<p>Menn\u00e4\u00e4np\u00e4 sitten varsinaiseen kuvaan, jonka tein valmiiksi asti. L\u00e4hdin nimen omaan rakentamaan kokonaisuutta, jossa piirt\u00e4v\u00e4mm\u00e4n valaisun kanssa edett\u00e4isiin yhteiseen suuntaan kaikessa muussakin. <\/p>\n\n\n\n<figure class=\"wp-block-image\"><img loading=\"lazy\" decoding=\"async\" width=\"1024\" height=\"576\" src=\"https:\/\/jaskamerakauppa.fi\/blogi\/wp-content\/uploads\/2019\/09\/Disa_fotour_pieni-1024x576.jpg\" alt=\"\" class=\"wp-image-398\" srcset=\"https:\/\/jaskamerakauppa.fi\/blogi\/wp-content\/uploads\/2019\/09\/Disa_fotour_pieni-1024x576.jpg 1024w, https:\/\/jaskamerakauppa.fi\/blogi\/wp-content\/uploads\/2019\/09\/Disa_fotour_pieni-300x169.jpg 300w, https:\/\/jaskamerakauppa.fi\/blogi\/wp-content\/uploads\/2019\/09\/Disa_fotour_pieni-768x432.jpg 768w, https:\/\/jaskamerakauppa.fi\/blogi\/wp-content\/uploads\/2019\/09\/Disa_fotour_pieni-500x281.jpg 500w, https:\/\/jaskamerakauppa.fi\/blogi\/wp-content\/uploads\/2019\/09\/Disa_fotour_pieni.jpg 1417w\" sizes=\"auto, (max-width: 1024px) 100vw, 1024px\" \/><figcaption>Etuk\u00e4teen oli selv\u00e4\u00e4, mink\u00e4 taustakuvan otan k\u00e4ytt\u00f6\u00f6n. Oikealta puolelta tuleva voimakkaampi irroitus toimii taustan valoympyr\u00e4n kanssa yhteen saaden aikaan valomaailman loogisuutta.<\/figcaption><\/figure>\n\n\n\n<p>Eik\u00f6h\u00e4n nyt ole t\u00e4m\u00e4 Fototourin Tampereen tilaisuus k\u00e4yty l\u00e4pi. Kuva-asioissa blogiin odottaa vuoroaan juttu mm samassa kuvauksessa k\u00e4ytetyt Canon 5Dmark4 ja Nikon D810 kumpikin 85mm f1.4 objektiivill\u00e4 varustettuna. Ja viime lauantaina kuvattiin upeita kuvia, jossa ElinnaK:n meikit olivat isossa roolissa, joten sellaistakin on luvassa.<\/p>\n\n\n\n<p>Krister L\u00f6froth<\/p>\n","protected":false},"excerpt":{"rendered":"<p>Aiemmin tuli aiheeseen liittyen kerrottua yleisist\u00e4 asioista ja muiden tekemisist\u00e4. Pistet\u00e4\u00e4s t\u00e4h\u00e4n jotain omistakin puuhista tarkemmin&#8230; Itse tein demossa kaksi asiaa. Ensin tein esimerkkivalaisun samasta mallista samoilla vaatteilla samassa kohdassa pehme\u00e4ll\u00e4 ja kovalla valolla. N\u00e4in p\u00e4\u00e4see vertaamaan ilmapiirin eroja kesken\u00e4\u00e4n. &hellip; <a href=\"https:\/\/jaskamerakauppa.fi\/blogi\/lisaa-matskua-tampereen-fototourilta\/\">Lue loppuun <span class=\"meta-nav\">&rarr;<\/span><\/a><\/p>\n","protected":false},"author":3,"featured_media":0,"comment_status":"open","ping_status":"open","sticky":false,"template":"","format":"standard","meta":{"footnotes":""},"categories":[1,221],"tags":[37,2,3,4,5,39,38,36],"class_list":["post-298","post","type-post","status-publish","format-standard","hentry","category-kaikki","category-valokuvaus-ja-valaisudemoja","tag-fototour","tag-jas","tag-jaskamerakauppa","tag-jastekniikka","tag-jinbei","tag-kova","tag-pehmea","tag-vvi"],"_links":{"self":[{"href":"https:\/\/jaskamerakauppa.fi\/blogi\/wp-json\/wp\/v2\/posts\/298","targetHints":{"allow":["GET"]}}],"collection":[{"href":"https:\/\/jaskamerakauppa.fi\/blogi\/wp-json\/wp\/v2\/posts"}],"about":[{"href":"https:\/\/jaskamerakauppa.fi\/blogi\/wp-json\/wp\/v2\/types\/post"}],"author":[{"embeddable":true,"href":"https:\/\/jaskamerakauppa.fi\/blogi\/wp-json\/wp\/v2\/users\/3"}],"replies":[{"embeddable":true,"href":"https:\/\/jaskamerakauppa.fi\/blogi\/wp-json\/wp\/v2\/comments?post=298"}],"version-history":[{"count":15,"href":"https:\/\/jaskamerakauppa.fi\/blogi\/wp-json\/wp\/v2\/posts\/298\/revisions"}],"predecessor-version":[{"id":415,"href":"https:\/\/jaskamerakauppa.fi\/blogi\/wp-json\/wp\/v2\/posts\/298\/revisions\/415"}],"wp:attachment":[{"href":"https:\/\/jaskamerakauppa.fi\/blogi\/wp-json\/wp\/v2\/media?parent=298"}],"wp:term":[{"taxonomy":"category","embeddable":true,"href":"https:\/\/jaskamerakauppa.fi\/blogi\/wp-json\/wp\/v2\/categories?post=298"},{"taxonomy":"post_tag","embeddable":true,"href":"https:\/\/jaskamerakauppa.fi\/blogi\/wp-json\/wp\/v2\/tags?post=298"}],"curies":[{"name":"wp","href":"https:\/\/api.w.org\/{rel}","templated":true}]}}