{"id":234,"date":"2019-07-22T08:52:33","date_gmt":"2019-07-22T06:52:33","guid":{"rendered":"https:\/\/jaskamerakauppa.fi\/blogi\/?p=234"},"modified":"2023-10-16T14:48:12","modified_gmt":"2023-10-16T12:48:12","slug":"huutamiseks-meni","status":"publish","type":"post","link":"https:\/\/jaskamerakauppa.fi\/blogi\/huutamiseks-meni\/","title":{"rendered":"HUUTAMISEKS MENI!"},"content":{"rendered":"\n<p><strong>Ne kuvat muistetaan, jotka her\u00e4tt\u00e4v\u00e4t katsojassa tunteen. Niinp\u00e4 <\/strong><a rel=\"noreferrer noopener\" aria-label=\"Bella von Wolfkill (avautuu uudessa v\u00e4lilehdess\u00e4)\" href=\"https:\/\/www.facebook.com\/bellavonwolfkill\/\" target=\"_blank\"><strong>Bella von Wolfkill<\/strong><\/a><strong> sitten karjuikin kuvauksessa meik\u00e4l\u00e4iselle ja nyt teille katsojille silkkaa agressiivisuuttaan&#8230; \ud83d\ude09<\/strong><\/p>\n\n\n\n<p>T\u00e4m\u00e4n kaltainen kuva kannattaa aina tehd\u00e4 &#8221;liikkeess\u00e4&#8221;. Eli tunnelma syntyy merkitt\u00e4v\u00e4sti helpommin, jos malli saa k\u00e4vell\u00e4 kameraa kohti, repi\u00e4 paitaansa ja huutaa ihan liven\u00e4. Yll\u00e4tt\u00e4v\u00e4n hyvin suoraan ylh\u00e4\u00e4lt\u00e4 40 asteen hunajakennon synnytt\u00e4m\u00e4n valonkin sai osumaan kasvoille, kun muutaman kerran per\u00e4kk\u00e4in toistettiin liikkuminen\/kuvaaminen.<\/p>\n\n\n\n<figure class=\"wp-block-image\"><img loading=\"lazy\" decoding=\"async\" width=\"1024\" height=\"576\" src=\"https:\/\/jaskamerakauppa.fi\/blogi\/wp-content\/uploads\/2019\/07\/Disa080_2_pienenpieni-1024x576.jpg\" alt=\"\" class=\"wp-image-235\" srcset=\"https:\/\/jaskamerakauppa.fi\/blogi\/wp-content\/uploads\/2019\/07\/Disa080_2_pienenpieni-1024x576.jpg 1024w, https:\/\/jaskamerakauppa.fi\/blogi\/wp-content\/uploads\/2019\/07\/Disa080_2_pienenpieni-300x169.jpg 300w, https:\/\/jaskamerakauppa.fi\/blogi\/wp-content\/uploads\/2019\/07\/Disa080_2_pienenpieni-768x432.jpg 768w, https:\/\/jaskamerakauppa.fi\/blogi\/wp-content\/uploads\/2019\/07\/Disa080_2_pienenpieni-500x281.jpg 500w, https:\/\/jaskamerakauppa.fi\/blogi\/wp-content\/uploads\/2019\/07\/Disa080_2_pienenpieni.jpg 1535w\" sizes=\"auto, (max-width: 1024px) 100vw, 1024px\" \/><figcaption><a href=\"https:\/\/www.instagram.com\/bella_von_wolfkill\/\" target=\"_blank\" rel=\"noreferrer noopener\" aria-label=\"Bellan (avautuu uudessa v\u00e4lilehdess\u00e4)\">Bellan<\/a> asento ja taustan &#8221;taivasosuus&#8221; osuivat hyvin muodoiltaan toisiinsa l\u00e4hes sellaisenaan. Niinp\u00e4 mallille syntyi kehys itsest\u00e4\u00e4n&#8230;<br><\/figcaption><\/figure>\n\n\n\n<p>P\u00e4\u00e4valon ja tasoittavan salaman lis\u00e4ksi irrottelin \u00e4\u00e4riviivoja kummaltakin puolelta takaviistosta. Lis\u00e4ksi yksi salama oli viel\u00e4 taustalle, joten k\u00e4yt\u00f6ss\u00e4 oli 5 kpl Jinbein HD-601 -salamaa. Taustakuva on kuvattu Ruotsissa l\u00e4hell\u00e4 Vadstenaa sijaitsevissa raunioissa.Tuolloin mukana oli Nikonin vanha k\u00e4sik\u00e4ytt\u00f6inen kalansilm\u00e4, jolla sai tiiliskivet v\u00e4\u00e4ntym\u00e4\u00e4n omituisesti. <\/p>\n\n\n\n<p>Aika usein, kun ei olla jahtaamassa luonnollisen neutraalia s\u00e4vymaailmaa, k\u00e4yt\u00e4n Nikin Color Efex Pro 4:sta s\u00e4vyjen viimeistelyss\u00e4. Esim y\u00f6h\u00f6n sopivammat s\u00e4vyt on helppo luoda muutamalla p\u00e4\u00e4llekk\u00e4isell\u00e4 filtterill\u00e4. <\/p>\n\n\n\n<p>Krister L\u00f6froth<\/p>\n","protected":false},"excerpt":{"rendered":"<p>Ne kuvat muistetaan, jotka her\u00e4tt\u00e4v\u00e4t katsojassa tunteen. Niinp\u00e4 Bella von Wolfkill sitten karjuikin kuvauksessa meik\u00e4l\u00e4iselle ja nyt teille katsojille silkkaa agressiivisuuttaan&#8230; \ud83d\ude09 T\u00e4m\u00e4n kaltainen kuva kannattaa aina tehd\u00e4 &#8221;liikkeess\u00e4&#8221;. Eli tunnelma syntyy merkitt\u00e4v\u00e4sti helpommin, jos malli saa k\u00e4vell\u00e4 kameraa kohti, &hellip; <a href=\"https:\/\/jaskamerakauppa.fi\/blogi\/huutamiseks-meni\/\">Lue loppuun <span class=\"meta-nav\">&rarr;<\/span><\/a><\/p>\n","protected":false},"author":3,"featured_media":0,"comment_status":"open","ping_status":"open","sticky":false,"template":"","format":"standard","meta":{"footnotes":""},"categories":[1,221],"tags":[29,5,13,27,28],"class_list":["post-234","post","type-post","status-publish","format-standard","hentry","category-kaikki","category-valokuvaus-ja-valaisudemoja","tag-fep","tag-jinbei","tag-sav","tag-von","tag-wolfkill"],"_links":{"self":[{"href":"https:\/\/jaskamerakauppa.fi\/blogi\/wp-json\/wp\/v2\/posts\/234","targetHints":{"allow":["GET"]}}],"collection":[{"href":"https:\/\/jaskamerakauppa.fi\/blogi\/wp-json\/wp\/v2\/posts"}],"about":[{"href":"https:\/\/jaskamerakauppa.fi\/blogi\/wp-json\/wp\/v2\/types\/post"}],"author":[{"embeddable":true,"href":"https:\/\/jaskamerakauppa.fi\/blogi\/wp-json\/wp\/v2\/users\/3"}],"replies":[{"embeddable":true,"href":"https:\/\/jaskamerakauppa.fi\/blogi\/wp-json\/wp\/v2\/comments?post=234"}],"version-history":[{"count":11,"href":"https:\/\/jaskamerakauppa.fi\/blogi\/wp-json\/wp\/v2\/posts\/234\/revisions"}],"predecessor-version":[{"id":267,"href":"https:\/\/jaskamerakauppa.fi\/blogi\/wp-json\/wp\/v2\/posts\/234\/revisions\/267"}],"wp:attachment":[{"href":"https:\/\/jaskamerakauppa.fi\/blogi\/wp-json\/wp\/v2\/media?parent=234"}],"wp:term":[{"taxonomy":"category","embeddable":true,"href":"https:\/\/jaskamerakauppa.fi\/blogi\/wp-json\/wp\/v2\/categories?post=234"},{"taxonomy":"post_tag","embeddable":true,"href":"https:\/\/jaskamerakauppa.fi\/blogi\/wp-json\/wp\/v2\/tags?post=234"}],"curies":[{"name":"wp","href":"https:\/\/api.w.org\/{rel}","templated":true}]}}