{"id":184,"date":"2019-07-08T07:39:08","date_gmt":"2019-07-08T05:39:08","guid":{"rendered":"https:\/\/jaskamerakauppa.fi\/blogi\/?p=184"},"modified":"2023-10-16T14:48:47","modified_gmt":"2023-10-16T12:48:47","slug":"kihlakuvia-akkusalamalla","status":"publish","type":"post","link":"https:\/\/jaskamerakauppa.fi\/blogi\/kihlakuvia-akkusalamalla\/","title":{"rendered":"Kihlakuvia akkusalamalla"},"content":{"rendered":"\n<p><strong>Tavaran roudaaminen milj\u00f6\u00f6kuvauksissa ei ole koskaan itsetarkoitus, mutta kielt\u00e4m\u00e4tt\u00e4 haasteellisetkin olosuhteet sel\u00e4ttyv\u00e4t akkusalamoilla ja ennen kaikkea valollinen laatu kasvaa merkitt\u00e4v\u00e4sti, jos on mahdollisuus yhdist\u00e4\u00e4 vallitsevaan valoon &#8221;studiosalamoiden&#8221; valoa. <\/strong><strong> <\/strong><\/p>\n\n\n\n<p>Mainittakoon viel\u00e4 ennen varsinaista asiaa, t\u00e4ss\u00e4 yhteydess\u00e4 tarkoitan studiosalamalla laitetta, joilla voi synnytt\u00e4\u00e4 haluttaessa oikeasti pehme\u00e4\u00e4 valoa vaikkapa teltoilla tai heijastinvarjoilla. Eli k\u00e4sisalamahommiin ei menn\u00e4 t\u00e4ss\u00e4 blogissa.<\/p>\n\n\n\n<p>Toki milj\u00f6\u00f6ss\u00e4 voi hifistell\u00e4 useammallakin salamalla saaden todella kontrolloitua j\u00e4lke\u00e4, mutta monesti normaaleissa tilanteissa on j\u00e4rkev\u00e4\u00e4 ja perusteltua olla liikenteess\u00e4 yhdell\u00e4 akkusalamalla. Eli n\u00e4m\u00e4 kaikki kuvat on valaistu yhdell\u00e4 Jinbei HD-601 -salamalla, joka oli varustettu 102 cm halkaisijaltaan olevalla l\u00e4piampuvalla varjolla.<\/p>\n\n\n\n<p>Tuijan ja Jarin kihlakuvat otettiin Vanajanlinnassa ja kielt\u00e4m\u00e4tt\u00e4 upeista taustoista on runsauden pula. Se helpottaa ulkokuvissa toki paljon erityisesti siksi, ett\u00e4 kun yleens\u00e4 kannattaa pit\u00e4\u00e4 aurinko mallien takana, niin hienoja taustoja l\u00f6ytyy joka tapauksessa. Suunnitelma olikin tehd\u00e4 kaikki kuvat ulkomilj\u00f6\u00f6ss\u00e4 ja kolmannella kerralla s\u00e4\u00e4 ja sovittu aika kohtasivat hyvin&#8230;<\/p>\n\n\n\n<figure class=\"wp-block-image\"><img loading=\"lazy\" decoding=\"async\" width=\"1024\" height=\"684\" src=\"https:\/\/jaskamerakauppa.fi\/blogi\/wp-content\/uploads\/2019\/07\/JA559Rorg_TOSIPIENI-1024x684.jpg\" alt=\"\" class=\"wp-image-193\" srcset=\"https:\/\/jaskamerakauppa.fi\/blogi\/wp-content\/uploads\/2019\/07\/JA559Rorg_TOSIPIENI-1024x684.jpg 1024w, https:\/\/jaskamerakauppa.fi\/blogi\/wp-content\/uploads\/2019\/07\/JA559Rorg_TOSIPIENI-300x200.jpg 300w, https:\/\/jaskamerakauppa.fi\/blogi\/wp-content\/uploads\/2019\/07\/JA559Rorg_TOSIPIENI-768x513.jpg 768w, https:\/\/jaskamerakauppa.fi\/blogi\/wp-content\/uploads\/2019\/07\/JA559Rorg_TOSIPIENI-449x300.jpg 449w, https:\/\/jaskamerakauppa.fi\/blogi\/wp-content\/uploads\/2019\/07\/JA559Rorg_TOSIPIENI.jpg 1417w\" sizes=\"auto, (max-width: 1024px) 100vw, 1024px\" \/><figcaption>T\u00e4ss\u00e4 k\u00e4yt\u00f6ss\u00e4 oli Nikonin 24mm f1.4 linssi. Sen kuvakulma riitt\u00e4\u00e4 jo synnytt\u00e4m\u00e4\u00e4n melko mahtipontista j\u00e4lke\u00e4 alaviistosta kuvattuna.<br><\/figcaption><\/figure>\n\n\n\n<p>Yleens\u00e4 kannattaa t\u00e4m\u00e4n kaltaisissa kuvauksissa k\u00e4ytt\u00e4\u00e4 eri polttov\u00e4lej\u00e4, eri rajauksia, sek\u00e4 eri kuvakulmia. Sama ymp\u00e4rist\u00f6 ja jopa sama kuvauspaikka sek\u00e4 valaisukin luo todella erilaisen perspektiivin ja sit\u00e4 my\u00f6t\u00e4 kuvan olemus muuttuu kun tekee variaatioita.<\/p>\n\n\n\n<figure class=\"wp-block-image\"><img loading=\"lazy\" decoding=\"async\" width=\"1024\" height=\"1024\" src=\"https:\/\/jaskamerakauppa.fi\/blogi\/wp-content\/uploads\/2019\/07\/JA464_Rorg_TOSIPIENI-1024x1024.jpg\" alt=\"\" class=\"wp-image-199\" srcset=\"https:\/\/jaskamerakauppa.fi\/blogi\/wp-content\/uploads\/2019\/07\/JA464_Rorg_TOSIPIENI-1024x1024.jpg 1024w, https:\/\/jaskamerakauppa.fi\/blogi\/wp-content\/uploads\/2019\/07\/JA464_Rorg_TOSIPIENI-150x150.jpg 150w, https:\/\/jaskamerakauppa.fi\/blogi\/wp-content\/uploads\/2019\/07\/JA464_Rorg_TOSIPIENI-300x300.jpg 300w, https:\/\/jaskamerakauppa.fi\/blogi\/wp-content\/uploads\/2019\/07\/JA464_Rorg_TOSIPIENI-768x768.jpg 768w, https:\/\/jaskamerakauppa.fi\/blogi\/wp-content\/uploads\/2019\/07\/JA464_Rorg_TOSIPIENI.jpg 1417w\" sizes=\"auto, (max-width: 1024px) 100vw, 1024px\" \/><figcaption>70-200 millisell\u00e4 185mm polttov\u00e4lill\u00e4 poimittu kuva.<\/figcaption><\/figure>\n\n\n\n<p>Kaikissa oheisissa kuvissa siis loin kasvoille akkusalamalla valaisten p\u00e4\u00e4valon muodon. Jos olisin k\u00e4ytt\u00e4nyt toista salamaa, niin olisin k\u00e4ytt\u00e4nyt sit\u00e4 kontrolloimaan mallien varjopuolta. Eli nyt yhdell\u00e4 salamalla synkkasin mallien valopuolen vallitsevaan valoon. T\u00e4m\u00e4n kaltaisissa kuvissa yksi valaisun kriteereist\u00e4 onkin luontevuus. Kasvojen hienovarainen muotoilu ei huuda itse\u00e4\u00e4n lujan teatraalisena esille, vaan luo pelk\u00e4st\u00e4\u00e4n hieman kolmiulotteisuutta ja valon l\u00e4sn\u00e4oloa. <br><\/p>\n\n\n\n<figure class=\"wp-block-image\"><img loading=\"lazy\" decoding=\"async\" width=\"1024\" height=\"684\" src=\"https:\/\/jaskamerakauppa.fi\/blogi\/wp-content\/uploads\/2019\/07\/JA498_Rorg_TOSIPIENI-1024x684.jpg\" alt=\"\" class=\"wp-image-198\" srcset=\"https:\/\/jaskamerakauppa.fi\/blogi\/wp-content\/uploads\/2019\/07\/JA498_Rorg_TOSIPIENI-1024x684.jpg 1024w, https:\/\/jaskamerakauppa.fi\/blogi\/wp-content\/uploads\/2019\/07\/JA498_Rorg_TOSIPIENI-300x200.jpg 300w, https:\/\/jaskamerakauppa.fi\/blogi\/wp-content\/uploads\/2019\/07\/JA498_Rorg_TOSIPIENI-768x513.jpg 768w, https:\/\/jaskamerakauppa.fi\/blogi\/wp-content\/uploads\/2019\/07\/JA498_Rorg_TOSIPIENI-449x300.jpg 449w, https:\/\/jaskamerakauppa.fi\/blogi\/wp-content\/uploads\/2019\/07\/JA498_Rorg_TOSIPIENI.jpg 1417w\" sizes=\"auto, (max-width: 1024px) 100vw, 1024px\" \/><figcaption>85-millisella perspektiivi on sopivasti hieman litistynyt.<\/figcaption><\/figure>\n\n\n\n<p>Kaikessa muutenkin piti tyylilajin olla &#8221;luonnollisuus&#8221;, siksi k\u00e4sittelytkin ovat olleet kovin maltillisia. Ja taas, kuten k\u00e4yt\u00e4nn\u00f6ss\u00e4 aina kaikissa kuvauksissa mallien heitt\u00e4ytymisest\u00e4 syntyy todellinen laatu. Tekniikan tulee vaan olla hanskassa tukemassa luotua tunnelmaa.<\/p>\n\n\n\n<p>Onneksi olkoon Tuija ja Jari!<\/p>\n\n\n\n<p>Krister L\u00f6froth<\/p>\n","protected":false},"excerpt":{"rendered":"<p>Tavaran roudaaminen milj\u00f6\u00f6kuvauksissa ei ole koskaan itsetarkoitus, mutta kielt\u00e4m\u00e4tt\u00e4 haasteellisetkin olosuhteet sel\u00e4ttyv\u00e4t akkusalamoilla ja ennen kaikkea valollinen laatu kasvaa merkitt\u00e4v\u00e4sti, jos on mahdollisuus yhdist\u00e4\u00e4 vallitsevaan valoon &#8221;studiosalamoiden&#8221; valoa. Mainittakoon viel\u00e4 ennen varsinaista asiaa, t\u00e4ss\u00e4 yhteydess\u00e4 tarkoitan studiosalamalla laitetta, joilla voi &hellip; <a href=\"https:\/\/jaskamerakauppa.fi\/blogi\/kihlakuvia-akkusalamalla\/\">Lue loppuun <span class=\"meta-nav\">&rarr;<\/span><\/a><\/p>\n","protected":false},"author":3,"featured_media":0,"comment_status":"open","ping_status":"open","sticky":false,"template":"","format":"standard","meta":{"footnotes":""},"categories":[1,221],"tags":[],"class_list":["post-184","post","type-post","status-publish","format-standard","hentry","category-kaikki","category-valokuvaus-ja-valaisudemoja"],"_links":{"self":[{"href":"https:\/\/jaskamerakauppa.fi\/blogi\/wp-json\/wp\/v2\/posts\/184","targetHints":{"allow":["GET"]}}],"collection":[{"href":"https:\/\/jaskamerakauppa.fi\/blogi\/wp-json\/wp\/v2\/posts"}],"about":[{"href":"https:\/\/jaskamerakauppa.fi\/blogi\/wp-json\/wp\/v2\/types\/post"}],"author":[{"embeddable":true,"href":"https:\/\/jaskamerakauppa.fi\/blogi\/wp-json\/wp\/v2\/users\/3"}],"replies":[{"embeddable":true,"href":"https:\/\/jaskamerakauppa.fi\/blogi\/wp-json\/wp\/v2\/comments?post=184"}],"version-history":[{"count":10,"href":"https:\/\/jaskamerakauppa.fi\/blogi\/wp-json\/wp\/v2\/posts\/184\/revisions"}],"predecessor-version":[{"id":207,"href":"https:\/\/jaskamerakauppa.fi\/blogi\/wp-json\/wp\/v2\/posts\/184\/revisions\/207"}],"wp:attachment":[{"href":"https:\/\/jaskamerakauppa.fi\/blogi\/wp-json\/wp\/v2\/media?parent=184"}],"wp:term":[{"taxonomy":"category","embeddable":true,"href":"https:\/\/jaskamerakauppa.fi\/blogi\/wp-json\/wp\/v2\/categories?post=184"},{"taxonomy":"post_tag","embeddable":true,"href":"https:\/\/jaskamerakauppa.fi\/blogi\/wp-json\/wp\/v2\/tags?post=184"}],"curies":[{"name":"wp","href":"https:\/\/api.w.org\/{rel}","templated":true}]}}