{"id":157,"date":"2019-08-05T08:12:04","date_gmt":"2019-08-05T06:12:04","guid":{"rendered":"https:\/\/jaskamerakauppa.fi\/blogi\/?p=157"},"modified":"2023-10-16T14:47:34","modified_gmt":"2023-10-16T12:47:34","slug":"valollista-kuvaa-valoitta","status":"publish","type":"post","link":"https:\/\/jaskamerakauppa.fi\/blogi\/valollista-kuvaa-valoitta\/","title":{"rendered":"Valollista kuvaa valoitta"},"content":{"rendered":"\n<p><strong>Aina kun k\u00e4yt\u00f6ss\u00e4 on valaisimia, tai muita esineit\u00e4 ja pintoja joita voi valon muokkaimina k\u00e4ytt\u00e4\u00e4, on helpompaa hallita sek\u00e4 kuvan teknist\u00e4, ett\u00e4 visuaalista kerrontaa. Mutta jos valaisimia ei k\u00e4yt\u00f6ss\u00e4 ole, ei sek\u00e4\u00e4n v\u00e4ltt\u00e4m\u00e4tt\u00e4 est\u00e4 valon l\u00e4sn\u00e4oloa. Tuolloin vain on t\u00e4rke\u00e4mp\u00e4\u00e4 valita kuvauspaikka oikein. T\u00e4ss\u00e4 muutamia esimerkkej\u00e4 iltak\u00e4velylt\u00e4 <a href=\"https:\/\/www.vanajanlinna.fi\" target=\"_blank\" rel=\"noreferrer noopener\" aria-label=\"Vanajanlinna (avautuu uudessa v\u00e4lilehdess\u00e4)\">Vanajanlinna<\/a>sta <a rel=\"noreferrer noopener\" aria-label=\"Mitja (avautuu uudessa v\u00e4lilehdess\u00e4)\" href=\"http:\/\/www.mitjakortepuro.fi\" target=\"_blank\">Mitja<\/a>n kanssa.<\/strong><\/p>\n\n\n\n<p>Itse olen v\u00e4lill\u00e4 l\u00e4hes pakkomielteinen mahdollisuudesta kontrolloida valaisua, joten k\u00e4yt\u00e4nn\u00f6ss\u00e4 aina kun on mahdollista, kuskaan mukanani Jinbei HD-601 akkusalamoita. T\u00e4ll\u00f6in kun ei ole s\u00e4iden ja vallitsevan valon varassa.  Monesti toki on mahdollista k\u00e4ytt\u00e4\u00e4 vaikkapa vaaleita ja tummia seini\u00e4 isoina heijastimina. Ja viel\u00e4 helpompaa on tietenkin k\u00e4ytt\u00e4\u00e4 auringonvaloa p\u00e4\u00e4valona muodon luomiseen. T\u00e4ll\u00f6in paras ajankohta on joku auringon nousu, tai -lasku. Silloin kontrastit eiv\u00e4t mene yli kennon toistokyvyn ja lopullinen s\u00e4vymaailma on helpompaa pit\u00e4\u00e4 &#8221;kasassa&#8221;. Lis\u00e4ksi valaisukulma on loivempi, eli parempi kasvoja ajateltuna. <\/p>\n\n\n\n<p><\/p>\n\n\n\n<figure class=\"wp-block-image\"><img loading=\"lazy\" decoding=\"async\" width=\"1024\" height=\"684\" src=\"https:\/\/jaskamerakauppa.fi\/blogi\/wp-content\/uploads\/2019\/06\/MitjaKaarissa7787_2pieni_logolla-1024x684.jpg\" alt=\"\" class=\"wp-image-158\" srcset=\"https:\/\/jaskamerakauppa.fi\/blogi\/wp-content\/uploads\/2019\/06\/MitjaKaarissa7787_2pieni_logolla-1024x684.jpg 1024w, https:\/\/jaskamerakauppa.fi\/blogi\/wp-content\/uploads\/2019\/06\/MitjaKaarissa7787_2pieni_logolla-300x200.jpg 300w, https:\/\/jaskamerakauppa.fi\/blogi\/wp-content\/uploads\/2019\/06\/MitjaKaarissa7787_2pieni_logolla-768x513.jpg 768w, https:\/\/jaskamerakauppa.fi\/blogi\/wp-content\/uploads\/2019\/06\/MitjaKaarissa7787_2pieni_logolla-449x300.jpg 449w\" sizes=\"auto, (max-width: 1024px) 100vw, 1024px\" \/><figcaption>Keskustapainoitteinen tai kultaiseen leikkaukseen perustuva kuvapinnan jako toimii aina. <br><\/figcaption><\/figure>\n\n\n\n<p>Vain harvon ja erityisest\u00e4 syyst\u00e4 muutan ihon\/kasvojen s\u00e4vyj\u00e4 neutraalista. Nytkin koko kuva-alan ollessa todella l\u00e4mmin, tein raw-kuvasta my\u00f6s neutraalin version, josta &#8221;nappasin&#8221; kasvoille nautraalimpaa s\u00e4yv\u00e4.<\/p>\n\n\n\n<p><\/p>\n\n\n\n<figure class=\"wp-block-image\"><img loading=\"lazy\" decoding=\"async\" width=\"1024\" height=\"1024\" src=\"https:\/\/jaskamerakauppa.fi\/blogi\/wp-content\/uploads\/2019\/07\/MITJA17847_pieni_logolla-1024x1024.jpg\" alt=\"\" class=\"wp-image-191\" srcset=\"https:\/\/jaskamerakauppa.fi\/blogi\/wp-content\/uploads\/2019\/07\/MITJA17847_pieni_logolla-1024x1024.jpg 1024w, https:\/\/jaskamerakauppa.fi\/blogi\/wp-content\/uploads\/2019\/07\/MITJA17847_pieni_logolla-150x150.jpg 150w, https:\/\/jaskamerakauppa.fi\/blogi\/wp-content\/uploads\/2019\/07\/MITJA17847_pieni_logolla-300x300.jpg 300w, https:\/\/jaskamerakauppa.fi\/blogi\/wp-content\/uploads\/2019\/07\/MITJA17847_pieni_logolla-768x768.jpg 768w, https:\/\/jaskamerakauppa.fi\/blogi\/wp-content\/uploads\/2019\/07\/MITJA17847_pieni_logolla.jpg 1417w\" sizes=\"auto, (max-width: 1024px) 100vw, 1024px\" \/><figcaption>Kun kasvoille tulee valoa vain suoraan ylh\u00e4\u00e4lt\u00e4 taivaalta, j\u00e4\u00e4 silm\u00e4t (ja ilmeest\u00e4 riippuen my\u00f6s suun ymp\u00e4rys) v\u00e4kisinkin varjoon. T\u00e4m\u00e4n ilmi\u00f6n pystyy k\u00e4yt\u00e4nn\u00f6ss\u00e4 poistamaan vain tuomalla malliin lis\u00e4valoa matalammasta kulmasta. <\/figcaption><\/figure>\n\n\n\n<p>N\u00e4ist\u00e4 kuvista t\u00e4m\u00e4 keskimm\u00e4inen (yll\u00e4 oleva) n\u00e4ytt\u00e4\u00e4, kuinka erilaisia kuvia samassa paikassa samaan aikaan voi ottaa. Kun tiilisein\u00e4iseen taustaan ja kasvoihin osuu suora auringon valo, on koko kuva-ala yhten\u00e4isen l\u00e4mmin. Ja kun auringon valo piirt\u00e4\u00e4kin takaa vain \u00e4\u00e4riviivaa, muuttuu koko kuvan tunnelma.<\/p>\n\n\n\n<p><\/p>\n\n\n\n<figure class=\"wp-block-image\"><img loading=\"lazy\" decoding=\"async\" width=\"1024\" height=\"576\" src=\"https:\/\/jaskamerakauppa.fi\/blogi\/wp-content\/uploads\/2019\/06\/MITJA754_pieni_logolla-1024x576.jpg\" alt=\"\" class=\"wp-image-160\" srcset=\"https:\/\/jaskamerakauppa.fi\/blogi\/wp-content\/uploads\/2019\/06\/MITJA754_pieni_logolla-1024x576.jpg 1024w, https:\/\/jaskamerakauppa.fi\/blogi\/wp-content\/uploads\/2019\/06\/MITJA754_pieni_logolla-300x169.jpg 300w, https:\/\/jaskamerakauppa.fi\/blogi\/wp-content\/uploads\/2019\/06\/MITJA754_pieni_logolla-768x432.jpg 768w, https:\/\/jaskamerakauppa.fi\/blogi\/wp-content\/uploads\/2019\/06\/MITJA754_pieni_logolla-500x281.jpg 500w\" sizes=\"auto, (max-width: 1024px) 100vw, 1024px\" \/><\/figure>\n\n\n\n<p>Joten kameraa kannattaa pit\u00e4\u00e4 iltak\u00e4velyill\u00e4kin mukana, vaikkei muuta kalustoa ole pakettiautollista k\u00e4yt\u00f6ss\u00e4! ?<\/p>\n\n\n\n<p>Krister <\/p>\n","protected":false},"excerpt":{"rendered":"<p>Aina kun k\u00e4yt\u00f6ss\u00e4 on valaisimia, tai muita esineit\u00e4 ja pintoja joita voi valon muokkaimina k\u00e4ytt\u00e4\u00e4, on helpompaa hallita sek\u00e4 kuvan teknist\u00e4, ett\u00e4 visuaalista kerrontaa. Mutta jos valaisimia ei k\u00e4yt\u00f6ss\u00e4 ole, ei sek\u00e4\u00e4n v\u00e4ltt\u00e4m\u00e4tt\u00e4 est\u00e4 valon l\u00e4sn\u00e4oloa. Tuolloin vain on t\u00e4rke\u00e4mp\u00e4\u00e4 &hellip; <a href=\"https:\/\/jaskamerakauppa.fi\/blogi\/valollista-kuvaa-valoitta\/\">Lue loppuun <span class=\"meta-nav\">&rarr;<\/span><\/a><\/p>\n","protected":false},"author":3,"featured_media":0,"comment_status":"open","ping_status":"open","sticky":false,"template":"","format":"standard","meta":{"footnotes":""},"categories":[1,221],"tags":[],"class_list":["post-157","post","type-post","status-publish","format-standard","hentry","category-kaikki","category-valokuvaus-ja-valaisudemoja"],"_links":{"self":[{"href":"https:\/\/jaskamerakauppa.fi\/blogi\/wp-json\/wp\/v2\/posts\/157","targetHints":{"allow":["GET"]}}],"collection":[{"href":"https:\/\/jaskamerakauppa.fi\/blogi\/wp-json\/wp\/v2\/posts"}],"about":[{"href":"https:\/\/jaskamerakauppa.fi\/blogi\/wp-json\/wp\/v2\/types\/post"}],"author":[{"embeddable":true,"href":"https:\/\/jaskamerakauppa.fi\/blogi\/wp-json\/wp\/v2\/users\/3"}],"replies":[{"embeddable":true,"href":"https:\/\/jaskamerakauppa.fi\/blogi\/wp-json\/wp\/v2\/comments?post=157"}],"version-history":[{"count":8,"href":"https:\/\/jaskamerakauppa.fi\/blogi\/wp-json\/wp\/v2\/posts\/157\/revisions"}],"predecessor-version":[{"id":279,"href":"https:\/\/jaskamerakauppa.fi\/blogi\/wp-json\/wp\/v2\/posts\/157\/revisions\/279"}],"wp:attachment":[{"href":"https:\/\/jaskamerakauppa.fi\/blogi\/wp-json\/wp\/v2\/media?parent=157"}],"wp:term":[{"taxonomy":"category","embeddable":true,"href":"https:\/\/jaskamerakauppa.fi\/blogi\/wp-json\/wp\/v2\/categories?post=157"},{"taxonomy":"post_tag","embeddable":true,"href":"https:\/\/jaskamerakauppa.fi\/blogi\/wp-json\/wp\/v2\/tags?post=157"}],"curies":[{"name":"wp","href":"https:\/\/api.w.org\/{rel}","templated":true}]}}