{"id":1224,"date":"2024-04-29T08:03:32","date_gmt":"2024-04-29T06:03:32","guid":{"rendered":"https:\/\/jaskamerakauppa.fi\/blogi\/?p=1224"},"modified":"2026-04-20T10:50:08","modified_gmt":"2026-04-20T08:50:08","slug":"kamerasi-elinkaari","status":"publish","type":"post","link":"https:\/\/jaskamerakauppa.fi\/blogi\/kamerasi-elinkaari\/","title":{"rendered":"Mik\u00e4 on kamerasi k\u00e4ytt\u00f6ik\u00e4?"},"content":{"rendered":"\n<blockquote class=\"wp-block-quote is-style-large is-layout-flow wp-block-quote-is-layout-flow\">\n<p><strong>&#8211; Me haluamme pident\u00e4\u00e4 sit\u00e4!<\/strong><\/p>\n<\/blockquote>\n\n\n\n<h2 class=\"wp-block-heading\">Onko kameran tai muun laitteen hankkiminen uutena ymp\u00e4rist\u00f6yst\u00e4v\u00e4llist\u00e4? T\u00e4m\u00e4 on hyv\u00e4 kysymys, mutta vastaukseen vaikuttaa se, miten hyvin siit\u00e4 pidet\u00e4\u00e4n huolta. JAS Tekniikan liiketoiminta on perustunut elinkaariajattelun ymp\u00e4rille jo yli 30 vuoden ajan. Haluamme, ett\u00e4 hankkimasi kamera tai objektiivi palvelee k\u00e4yt\u00f6ss\u00e4si mahdollisimman pitk\u00e4\u00e4n ja saa parhaassa tapauksessa monta uutta el\u00e4m\u00e4\u00e4 ennen kierr\u00e4tysj\u00e4tteeksi p\u00e4\u00e4tymist\u00e4. <\/h2>\n\n\n\n<div style=\"height:20px\" aria-hidden=\"true\" class=\"wp-block-spacer\"><\/div>\n\n\n\n<h1 class=\"wp-block-heading\"><strong>Uusi kamera ja elinkaa<\/strong>ren alku<\/h1>\n\n\n\n<p>Uuden kameran hankinta on joskus tarpeellista ja v\u00e4ltt\u00e4m\u00e4t\u00f6nt\u00e4, jotta saisit ottaa uuden tekniikan tuomat mahdollisuudet k\u00e4ytt\u00f6\u00f6si. <a href=\"https:\/\/www.jaskamerakauppa.fi\/fi\/\">JAS Kamerakaupan<\/a> kameravalikoimassa panostamme laadukkaisiin ja kest\u00e4viin tuotteisiin, joilla olisi odotettavissa mahdollisimman pitk\u00e4 elinkaari. Suosittelemme mielell\u00e4mme niit\u00e4 tuotteita, joille on jatkossa my\u00f6s huolto- ja korjausmahdollisuudet t\u00e4\u00e4ll\u00e4 meill\u00e4 Suomessa. T\u00e4m\u00e4n vuoksi teemme tiivist\u00e4 yhteisty\u00f6t\u00e4 esimerkiksi Nikonin kanssa, jonka korjaukset ja huollot teemme itse valtuutettuna huoltona.\u00a0<\/p>\n\n\n\n<figure class=\"wp-block-image\"><img loading=\"lazy\" decoding=\"async\" width=\"1266\" height=\"800\" src=\"https:\/\/jaskamerakauppa.fi\/blogi\/wp-content\/uploads\/2024\/04\/KaytetytJAS-kopio.jpg\" alt=\"\" class=\"wp-image-1227\" srcset=\"https:\/\/jaskamerakauppa.fi\/blogi\/wp-content\/uploads\/2024\/04\/KaytetytJAS-kopio.jpg 1266w, https:\/\/jaskamerakauppa.fi\/blogi\/wp-content\/uploads\/2024\/04\/KaytetytJAS-kopio-300x190.jpg 300w, https:\/\/jaskamerakauppa.fi\/blogi\/wp-content\/uploads\/2024\/04\/KaytetytJAS-kopio-768x485.jpg 768w, https:\/\/jaskamerakauppa.fi\/blogi\/wp-content\/uploads\/2024\/04\/KaytetytJAS-kopio-475x300.jpg 475w\" sizes=\"auto, (max-width: 1266px) 100vw, 1266px\" \/><\/figure>\n\n\n\n<p>Kun hankit meilt\u00e4 laitteen, autamme sinua tarvittaessa sen k\u00e4ytt\u00f6\u00f6notossa. Tarjoamme tukipalvelua niin valokuvauslaitteiden, kuin <a href=\"https:\/\/www.jaskamerakauppa.fi\/fi\/25-puhelinkorjaamo\">mobiililaitteidenkin<\/a> omistajille. Neuvomme, asennamme, huollamme ja tuemme laitteiden k\u00e4ytt\u00f6\u00e4 niin, ett\u00e4 saat ostamastasi laitteesta mahdollisimman suuren hy\u00f6dyn irti. Suosittelemme kamerallesi <a href=\"https:\/\/jaskamerakauppa.fi\/10457-1520-kameran-vuosihuolto.html#\/451-palvelu-vuosihuolto\">vuosihuoltoa<\/a> v\u00e4hint\u00e4\u00e4n kerran vuodessa, jotta laitteesi pysyy hyv\u00e4ss\u00e4 toimintakunnossa mahdollisimman pitk\u00e4\u00e4n.<\/p>\n\n\n\n<div style=\"height:20px\" aria-hidden=\"true\" class=\"wp-block-spacer\"><\/div>\n\n\n\n<h2 class=\"wp-block-heading\"><strong>Korjaamme kamerasi &#8211; \u00e4l\u00e4 heit\u00e4 sit\u00e4 pois<\/strong>&nbsp;<\/h2>\n\n\n\n<p>Joskus sattuu vahinko ja kamera tipahtaa lattialle. N\u00e4ytt\u00f6\u00f6n ilmestyy jokin kummallinen error-teksti tai laite ei en\u00e4\u00e4 k\u00e4ynnisty. T\u00e4m\u00e4 tilanne harmittaa varsinkin kesken t\u00e4rkeiden kuvausten. Mieli tekisi vain heitt\u00e4\u00e4 kamera kaapin per\u00e4lle ja ostaa uusi. Jos kuitenkin mietit viel\u00e4 hetken ja tuot laitteesi meille <a href=\"https:\/\/jaskamerakauppa.fi\/211-kamerahuolto\">tarkistettavaksi ja korjattavaksi<\/a>, saatat pelastaa pienen palan maailmaa.\u00a0<\/p>\n\n\n\n<figure class=\"wp-block-image\"><img loading=\"lazy\" decoding=\"async\" width=\"1179\" height=\"800\" src=\"https:\/\/jaskamerakauppa.fi\/blogi\/wp-content\/uploads\/2024\/04\/JASkamerahuolto.jpg\" alt=\"\" class=\"wp-image-1226\" srcset=\"https:\/\/jaskamerakauppa.fi\/blogi\/wp-content\/uploads\/2024\/04\/JASkamerahuolto.jpg 1179w, https:\/\/jaskamerakauppa.fi\/blogi\/wp-content\/uploads\/2024\/04\/JASkamerahuolto-300x204.jpg 300w, https:\/\/jaskamerakauppa.fi\/blogi\/wp-content\/uploads\/2024\/04\/JASkamerahuolto-768x521.jpg 768w, https:\/\/jaskamerakauppa.fi\/blogi\/wp-content\/uploads\/2024\/04\/JASkamerahuolto-442x300.jpg 442w\" sizes=\"auto, (max-width: 1179px) 100vw, 1179px\" \/><\/figure>\n\n\n\n<h2 class=\"wp-block-heading\">Me <a href=\"https:\/\/jaskamerakauppa.fi\/211-kamerahuolto\">JAS Tekniikalla korjaamme<\/a><a href=\"https:\/\/www.jaskamerakauppa.fi\/fi\/content\/6-jastekniikkahuolto\"> <\/a>kaikka vikaantuneita valokuvausalan laitteita, sek\u00e4 Samsung mobiililaitteita. <strong>Korjaamme kaikkia merkkej\u00e4, mutta vain tiettyjen merkkien takuuhuollot voidaan tehd\u00e4 t\u00e4\u00e4ll\u00e4 meill\u00e4 kotimaassa. T\u00e4m\u00e4 on asia, jonka suosittelemme huomioimaan jo ostovaiheessa merkki\u00e4 valitessa, oli sitten kyse mist\u00e4 laitteesta tahansa. <\/strong>Laitteen l\u00e4hett\u00e4minen korjattavaksi maailman \u00e4\u00e4riin erilaisten kuljetusten ja v\u00e4lik\u00e4sien kautta ei tue ymp\u00e4rist\u00f6\u00e4.\u00a0<\/h2>\n\n\n\n<p><a href=\"https:\/\/jaskamerakauppa.fi\/211-kamerahuolto\">JAS Kamerahuollossa<\/a> ty\u00f6skentelevill\u00e4 kamerateknikoilla on jokaisella v\u00e4hint\u00e4\u00e4n 14 vuoden kokemus kameroiden korjaamisesta. Henkil\u00f6kuntaamme koulutetaan jatkuvasti uusimpien laitteiden korjaamiseen ja huoltamiseen. Voit siis luottaa siihen, ett\u00e4 kamerasi tai muu laitteesi on meill\u00e4 osaavissa k\u00e4siss\u00e4.\u00a0\u00a0<\/p>\n\n\n\n<div style=\"height:20px\" aria-hidden=\"true\" class=\"wp-block-spacer\"><\/div>\n\n\n\n<h2 class=\"wp-block-heading\"><strong>Toisen k\u00e4ytetty kamera on toiselle kuin uusi<\/strong><\/h2>\n\n\n\n<p>Kun sin\u00e4 p\u00e4\u00e4t\u00e4t syyst\u00e4 tai toisesta luopua vanhasta kamerastasi, me voimme ottaa sen vaihdossa uuteen tai ostaa suoraan \u2013 vaikka rikkin\u00e4isen\u00e4kin. <a href=\"https:\/\/jaskamerakauppa.fi\/211-kamerahuolto\">Kamerahuoltomme<\/a> kunnostaa, puhdistaa ja tarvittaessa korjaa laitteen huolellisesti. T\u00e4m\u00e4n j\u00e4lkeen myymme laitteen eteenp\u00e4in seuraavalle onnelliselle omistajalle. N\u00e4in kamerasi jatkaa el\u00e4m\u00e4\u00e4ns\u00e4 jo toiselle kaarelle ja ehk\u00e4 kolmannelle &#8211; ja ties kuinka monelle. Kaikki myym\u00e4mme k\u00e4ytetyt laitteet ovat omien kamerateknikoidemme huolellisesti tarkastamia, joten tarjoamme niille aina kuuden kuukauden tai jopa vuoden takuun. N\u00e4in <a href=\"https:\/\/www.jaskamerakauppa.fi\/fi\/51-kaeytetyt\">k\u00e4ytetynkin kameran<\/a> ostaminen meilt\u00e4 on aina turvallinen vaihtoehto, jota kannattaa harkita uusia hankintoja pohtiessa.\u00a0<\/p>\n\n\n\n<div style=\"height:20px\" aria-hidden=\"true\" class=\"wp-block-spacer\"><\/div>\n\n\n\n<h2 class=\"wp-block-heading\"><strong>Kamerasi kierr\u00e4tys elinkaaren lopussa<\/strong>&nbsp;<\/h2>\n\n\n\n<p>Aina ei ole kannattavaa tai mahdollista en\u00e4\u00e4 korjata laitetta toimivaksi. T\u00e4ll\u00f6in voit antaa k\u00e4ytt\u00f6ik\u00e4ns\u00e4 p\u00e4\u00e4h\u00e4n tulleen valokuvaus- tai mobiililaitteesi meille kierr\u00e4tett\u00e4v\u00e4ksi veloituksetta ja me huolehdimme siit\u00e4, ett\u00e4 se tehd\u00e4\u00e4n asianmukaisesti. Joitakin laitteen ehji\u00e4 osia voi olla viel\u00e4 mahdollista hy\u00f6dynt\u00e4\u00e4 toisten laitteiden korjaamisessa. K\u00e4ytt\u00f6kelvottomat osat toimitamme ymp\u00e4rist\u00f6yst\u00e4v\u00e4llisesti kierr\u00e4tykseen. N\u00e4in vanhan kamerasi raaka-aineet jatkavat kulkuaan edelleen eteenp\u00e4in ja mahdollisesti aloittavat taas uuden elinkaaren uuden laitteen muodossa.&nbsp;&nbsp;<\/p>\n\n\n\n<figure class=\"wp-block-image\"><img loading=\"lazy\" decoding=\"async\" width=\"1249\" height=\"800\" src=\"https:\/\/jaskamerakauppa.fi\/blogi\/wp-content\/uploads\/2024\/04\/ToisenRomuToisenAarre.jpg\" alt=\"\" class=\"wp-image-1229\" srcset=\"https:\/\/jaskamerakauppa.fi\/blogi\/wp-content\/uploads\/2024\/04\/ToisenRomuToisenAarre.jpg 1249w, https:\/\/jaskamerakauppa.fi\/blogi\/wp-content\/uploads\/2024\/04\/ToisenRomuToisenAarre-300x192.jpg 300w, https:\/\/jaskamerakauppa.fi\/blogi\/wp-content\/uploads\/2024\/04\/ToisenRomuToisenAarre-768x492.jpg 768w, https:\/\/jaskamerakauppa.fi\/blogi\/wp-content\/uploads\/2024\/04\/ToisenRomuToisenAarre-468x300.jpg 468w\" sizes=\"auto, (max-width: 1249px) 100vw, 1249px\" \/><\/figure>\n\n\n\n<figure class=\"wp-block-pullquote\"><blockquote><p><em>Meille kierr\u00e4tys ja ymp\u00e4rist\u00f6n ajatteleminen ovat t\u00e4rke\u00e4 osa p\u00e4ivitt\u00e4ist\u00e4 ty\u00f6t\u00e4mme. Olemme ylpeit\u00e4 siit\u00e4, ett\u00e4 voimme tarjota laitteellesi mahdollisimman pitk\u00e4n elinkaaren pit\u00e4m\u00e4ll\u00e4 sen kunnossa mahdollisimman pitk\u00e4\u00e4n ja kierr\u00e4tt\u00e4m\u00e4ll\u00e4 sen lopuksi ymp\u00e4rist\u00f6yst\u00e4v\u00e4llisesti. Meill\u00e4 jokaisella on mahdollisuus vaikuttaa siihen mit\u00e4 hankimme ja miten pid\u00e4mme huolta hankkimastamme.&nbsp;<\/em><\/p><\/blockquote><\/figure>\n\n\n\n<figure class=\"wp-block-image\"><img loading=\"lazy\" decoding=\"async\" width=\"800\" height=\"542\" src=\"https:\/\/jaskamerakauppa.fi\/blogi\/wp-content\/uploads\/2024\/04\/Henkilokunta_netti1.jpg\" alt=\"\" class=\"wp-image-1248\" srcset=\"https:\/\/jaskamerakauppa.fi\/blogi\/wp-content\/uploads\/2024\/04\/Henkilokunta_netti1.jpg 800w, https:\/\/jaskamerakauppa.fi\/blogi\/wp-content\/uploads\/2024\/04\/Henkilokunta_netti1-300x203.jpg 300w, https:\/\/jaskamerakauppa.fi\/blogi\/wp-content\/uploads\/2024\/04\/Henkilokunta_netti1-768x520.jpg 768w, https:\/\/jaskamerakauppa.fi\/blogi\/wp-content\/uploads\/2024\/04\/Henkilokunta_netti1-443x300.jpg 443w\" sizes=\"auto, (max-width: 800px) 100vw, 800px\" \/><\/figure>\n","protected":false},"excerpt":{"rendered":"<p>Meille kierr\u00e4tys ja ymp\u00e4rist\u00f6n ajatteleminen ovat t\u00e4rke\u00e4 osa p\u00e4ivitt\u00e4ist\u00e4 ty\u00f6t\u00e4mme. Olemme ylpeit\u00e4 siit\u00e4, ett\u00e4 voimme tarjota laitteellesi mahdollisimman pitk\u00e4n elinkaaren pit\u00e4m\u00e4ll\u00e4 sen kunnossa mahdollisimman pitk\u00e4\u00e4n ja kierr\u00e4tt\u00e4m\u00e4ll\u00e4 sen lopuksi ymp\u00e4rist\u00f6yst\u00e4v\u00e4llisesti. Meill\u00e4 jokaisella on mahdollisuus vaikuttaa siihen mit\u00e4 hankimme ja miten pid\u00e4mme huolta hankkimastamme.  <a href=\"https:\/\/jaskamerakauppa.fi\/blogi\/kamerasi-elinkaari\/\">Lue loppuun <span class=\"meta-nav\">&rarr;<\/span><\/a><\/p>\n","protected":false},"author":4,"featured_media":1229,"comment_status":"open","ping_status":"open","sticky":true,"template":"","format":"standard","meta":{"footnotes":""},"categories":[223,219],"tags":[243,233,81,242,235,237,236,7,11,234],"class_list":["post-1224","post","type-post","status-publish","format-standard","has-post-thumbnail","hentry","category-kamerahuolto","category-valokuvaustuotteet","tag-avainlippu","tag-elinkaari","tag-kamerahuolto","tag-kaytetty-kamera","tag-kayttoika","tag-kierratys","tag-korjaaminen","tag-nikon","tag-valokuvaus","tag-ymparistoystavallisyys"],"_links":{"self":[{"href":"https:\/\/jaskamerakauppa.fi\/blogi\/wp-json\/wp\/v2\/posts\/1224","targetHints":{"allow":["GET"]}}],"collection":[{"href":"https:\/\/jaskamerakauppa.fi\/blogi\/wp-json\/wp\/v2\/posts"}],"about":[{"href":"https:\/\/jaskamerakauppa.fi\/blogi\/wp-json\/wp\/v2\/types\/post"}],"author":[{"embeddable":true,"href":"https:\/\/jaskamerakauppa.fi\/blogi\/wp-json\/wp\/v2\/users\/4"}],"replies":[{"embeddable":true,"href":"https:\/\/jaskamerakauppa.fi\/blogi\/wp-json\/wp\/v2\/comments?post=1224"}],"version-history":[{"count":15,"href":"https:\/\/jaskamerakauppa.fi\/blogi\/wp-json\/wp\/v2\/posts\/1224\/revisions"}],"predecessor-version":[{"id":1496,"href":"https:\/\/jaskamerakauppa.fi\/blogi\/wp-json\/wp\/v2\/posts\/1224\/revisions\/1496"}],"wp:featuredmedia":[{"embeddable":true,"href":"https:\/\/jaskamerakauppa.fi\/blogi\/wp-json\/wp\/v2\/media\/1229"}],"wp:attachment":[{"href":"https:\/\/jaskamerakauppa.fi\/blogi\/wp-json\/wp\/v2\/media?parent=1224"}],"wp:term":[{"taxonomy":"category","embeddable":true,"href":"https:\/\/jaskamerakauppa.fi\/blogi\/wp-json\/wp\/v2\/categories?post=1224"},{"taxonomy":"post_tag","embeddable":true,"href":"https:\/\/jaskamerakauppa.fi\/blogi\/wp-json\/wp\/v2\/tags?post=1224"}],"curies":[{"name":"wp","href":"https:\/\/api.w.org\/{rel}","templated":true}]}}